{"id":99534,"date":"2020-02-12T12:56:23","date_gmt":"2020-02-12T11:56:23","guid":{"rendered":"https:\/\/www.slatina.hr\/portal\/?p=99534"},"modified":"2020-02-12T12:56:23","modified_gmt":"2020-02-12T11:56:23","slug":"udruga-pcelara-lipa-slatina-ove-godine-slavi-50-obljetnicu-osnutka","status":"publish","type":"post","link":"https:\/\/www.slatina.hr\/portal\/udruga-pcelara-lipa-slatina-ove-godine-slavi-50-obljetnicu-osnutka\/","title":{"rendered":"Udruga p\u010delara Lipa Slatina ove godine slavi 50. obljetnicu osnutka"},"content":{"rendered":"<p>U Gradskoj upravi Grada Slatine gradona\u010delnik Denis Ostro\u0161i\u0107 ugostio je predstavnike p\u010delarske udruge \u201eLipa\u201c iz Slatine, predsjednika Darija Kova\u010da, blagajnika Ratka Mirkajlovi\u0107a i \u010dlana Upravnog odbora An\u0111elka Kokori\u0107a.<\/p>\n<p>Svake godine tradicionalno uo\u010di godi\u0161nje izvje\u0161tajne skup\u0161tine p\u010delari ove udruge pohode gradona\u010delnika kako bi ga upoznali s radom u protekloj i planovima za teku\u0107u godinu, te mu uru\u010dili proizvode svojih \u010dlanova i reklamni materijal, te ga pozvali na godi\u0161nju skup\u0161tinu koja je zakazana za predstoje\u0107u subotu 15. velja\u010de.<\/p>\n<p>Udruga p\u010delara Lipa Slatina ove godine obilje\u017eava 50 godina postojanja udruge tako da je glavni projekt usmjeren na ovu veliku jubilarnu obljetnicu u sklopu koje \u0107e se odr\u017eati brojne aktivnosti poput tribina, edukacija, sajmova\u2026<br \/>\nPrvi p\u010delari zabilje\u017eeni su jo\u0161 na popisu vlastelinstava u Slavoniji davne 1736. godine dok je organizirano p\u010delarenje po\u010delo nakon Prvog svjetskog rata. Udruga p\u010delara Lipa Slatina osnovana je 28. velja\u010de 1970. godine, a osniva\u010d je bio P\u010delarski savez Hrvatske Zagreb. U svojim po\u010detcima udruga je brojila 10 \u010dlanova i 267 p\u010delinjih zajednica, a do danas taj se broj povisio na 100 \u010dlanova s oko 4.500 p\u010delinjih zajednica i jedna je od ve\u0107ih udruga na \u0161irem slatinskom podru\u010dju.<\/p>\n<p>Iako je pro\u0161la p\u010delarska sezona bila dosta lo\u0161a zbog nepovoljnih vremenskih uvjeta, predsjednik Dario Kova\u010d ocijenio je 2019. godinu uspje\u0161nom budu\u0107i da je udruga organizirala ili sudjelovala u brojnim aktivnostima me\u0111u kojima je i slatinski Proljetni sajam na kojemu je glavna tema bila p\u010dela, te je puno pomogao u promociji udruge i op\u0107enito p\u010delarstva na ovim prostorima.<\/p>\n<p>Drugi ve\u0107i projekt planiran za ovu godinu je baziran na izdavanje pro\u0161irenog izdanja knjige \u201eO p\u010delarstvu na slatinskom podru\u010dju\u201c u suradnji s autoricom, prof. Dragicom \u0160uvak, koji \u0107e biti popra\u0107en promocijom knjige i predavanjima na spomenutu temu.<\/p>\n<p>Udruga ima odli\u010dnu suradnju s Hrvatskim p\u010delarskim savezom \u010diji \u010dlanovi ostvaruju razne pogodnosti koje im olak\u0161avaju rad, kao i s Gradom Slatinom, \u010diji je uspje\u0161an nastavak na dobrobit svih p\u010delara na slatinskom podru\u010dju najavio gradona\u010delnik Ostro\u0161i\u0107.<\/p>\n<p>Na kraju susreta zahvalu Gradu Slatini uputio je predsjednik Kova\u010d koji uvijek isti\u010de da su p\u010dele nemjerljivo blago svakog okoli\u0161a i bez kojih nema ni raznolikosti u prirodi, te ih svi zajedno moramo \u010duvati.<br \/>\n(www.radioslatina.hr)<\/p>\n\n\t\t\t<style type='text\/css'>\n\t\t\t\t#sc_gallery-1 {\n\t\t\t\t\tmargin: auto;\n\t\t\t\t}\n\t\t\t\t#sc_gallery-1 .gallery-item {\n\t\t\t\t\tfloat: left;\n\t\t\t\t\ttext-align: center;\n\t\t\t\t\twidth: 33.33%;\n\t\t\t\t}\n\t\t\t\t#sc_gallery-1 img {\n\t\t\t\t\tborder: 2px solid #cfcfcf;\n\t\t\t\t}\n\t\t\t\t\/* see sc_gallery() in functions\/theme-shortcodes.php *\/\n\t\t\t<\/style>\n\t\t<div id='sc_gallery-1' class='gallery galleryid-99534 gallery-columns-3 gallery-size-thumbnail file element_classes gallery-default'><dl class='gallery-item'  data-title='IMG_7906_1024x683' data-description=''><div class='gallery-item-wrapper'>\n\t\t\t\t<dt class='gallery-icon landscape'>\n\t\t\t\t\t<a href='https:\/\/www.slatina.hr\/portal\/wp-content\/uploads\/2020\/02\/IMG_7906_1024x683.jpg'><img loading=\"lazy\" decoding=\"async\" width=\"190\" height=\"130\" src=\"https:\/\/www.slatina.hr\/portal\/wp-content\/uploads\/2020\/02\/IMG_7906_1024x683-190x130.jpg\" class=\"attachment-thumbnail size-thumbnail\" alt=\"\" srcset=\"https:\/\/www.slatina.hr\/portal\/wp-content\/uploads\/2020\/02\/IMG_7906_1024x683-190x130.jpg 190w, https:\/\/www.slatina.hr\/portal\/wp-content\/uploads\/2020\/02\/IMG_7906_1024x683-50x33.jpg 50w\" sizes=\"auto, (max-width:767px) 190px, 190px\" \/><\/a>\n\t\t\t\t<\/dt><\/div><\/dl><dl class='gallery-item'  data-title='IMG_7914_1024x683' data-description=''><div class='gallery-item-wrapper'>\n\t\t\t\t<dt class='gallery-icon landscape'>\n\t\t\t\t\t<a href='https:\/\/www.slatina.hr\/portal\/wp-content\/uploads\/2020\/02\/IMG_7914_1024x683.jpg'><img loading=\"lazy\" decoding=\"async\" width=\"190\" height=\"130\" src=\"https:\/\/www.slatina.hr\/portal\/wp-content\/uploads\/2020\/02\/IMG_7914_1024x683-190x130.jpg\" class=\"attachment-thumbnail size-thumbnail\" alt=\"\" srcset=\"https:\/\/www.slatina.hr\/portal\/wp-content\/uploads\/2020\/02\/IMG_7914_1024x683-190x130.jpg 190w, https:\/\/www.slatina.hr\/portal\/wp-content\/uploads\/2020\/02\/IMG_7914_1024x683-50x33.jpg 50w\" sizes=\"auto, (max-width:767px) 190px, 190px\" \/><\/a>\n\t\t\t\t<\/dt><\/div><\/dl><dl class='gallery-item'  data-title='IMG_7909_1024x683' data-description=''><div class='gallery-item-wrapper'>\n\t\t\t\t<dt class='gallery-icon landscape'>\n\t\t\t\t\t<a href='https:\/\/www.slatina.hr\/portal\/wp-content\/uploads\/2020\/02\/IMG_7909_1024x683.jpg'><img loading=\"lazy\" decoding=\"async\" width=\"190\" height=\"130\" src=\"https:\/\/www.slatina.hr\/portal\/wp-content\/uploads\/2020\/02\/IMG_7909_1024x683-190x130.jpg\" class=\"attachment-thumbnail size-thumbnail\" alt=\"\" srcset=\"https:\/\/www.slatina.hr\/portal\/wp-content\/uploads\/2020\/02\/IMG_7909_1024x683-190x130.jpg 190w, https:\/\/www.slatina.hr\/portal\/wp-content\/uploads\/2020\/02\/IMG_7909_1024x683-50x33.jpg 50w\" sizes=\"auto, (max-width:767px) 190px, 190px\" \/><\/a>\n\t\t\t\t<\/dt><\/div><\/dl><br style=\"clear: both\" \/><dl class='gallery-item'  data-title='IMG_7916_1024x683' data-description=''><div class='gallery-item-wrapper'>\n\t\t\t\t<dt class='gallery-icon landscape'>\n\t\t\t\t\t<a href='https:\/\/www.slatina.hr\/portal\/wp-content\/uploads\/2020\/02\/IMG_7916_1024x683.jpg'><img loading=\"lazy\" decoding=\"async\" width=\"190\" height=\"130\" src=\"https:\/\/www.slatina.hr\/portal\/wp-content\/uploads\/2020\/02\/IMG_7916_1024x683-190x130.jpg\" class=\"attachment-thumbnail size-thumbnail\" alt=\"\" srcset=\"https:\/\/www.slatina.hr\/portal\/wp-content\/uploads\/2020\/02\/IMG_7916_1024x683-190x130.jpg 190w, https:\/\/www.slatina.hr\/portal\/wp-content\/uploads\/2020\/02\/IMG_7916_1024x683-50x33.jpg 50w\" sizes=\"auto, (max-width:767px) 190px, 190px\" \/><\/a>\n\t\t\t\t<\/dt><\/div><\/dl><dl class='gallery-item'  data-title='IMG_7900_1024x683' data-description=''><div class='gallery-item-wrapper'>\n\t\t\t\t<dt class='gallery-icon landscape'>\n\t\t\t\t\t<a href='https:\/\/www.slatina.hr\/portal\/wp-content\/uploads\/2020\/02\/IMG_7900_1024x683.jpg'><img loading=\"lazy\" decoding=\"async\" width=\"190\" height=\"130\" src=\"https:\/\/www.slatina.hr\/portal\/wp-content\/uploads\/2020\/02\/IMG_7900_1024x683-190x130.jpg\" class=\"attachment-thumbnail size-thumbnail\" alt=\"\" srcset=\"https:\/\/www.slatina.hr\/portal\/wp-content\/uploads\/2020\/02\/IMG_7900_1024x683-190x130.jpg 190w, https:\/\/www.slatina.hr\/portal\/wp-content\/uploads\/2020\/02\/IMG_7900_1024x683-50x33.jpg 50w\" sizes=\"auto, (max-width:767px) 190px, 190px\" \/><\/a>\n\t\t\t\t<\/dt><\/div><\/dl><dl class='gallery-item'  data-title='IMG_7898_1024x683' data-description=''><div class='gallery-item-wrapper'>\n\t\t\t\t<dt class='gallery-icon landscape'>\n\t\t\t\t\t<a href='https:\/\/www.slatina.hr\/portal\/wp-content\/uploads\/2020\/02\/IMG_7898_1024x683.jpg'><img loading=\"lazy\" decoding=\"async\" width=\"190\" height=\"130\" src=\"https:\/\/www.slatina.hr\/portal\/wp-content\/uploads\/2020\/02\/IMG_7898_1024x683-190x130.jpg\" class=\"attachment-thumbnail size-thumbnail\" alt=\"\" srcset=\"https:\/\/www.slatina.hr\/portal\/wp-content\/uploads\/2020\/02\/IMG_7898_1024x683-190x130.jpg 190w, https:\/\/www.slatina.hr\/portal\/wp-content\/uploads\/2020\/02\/IMG_7898_1024x683-50x33.jpg 50w\" sizes=\"auto, (max-width:767px) 190px, 190px\" \/><\/a>\n\t\t\t\t<\/dt><\/div><\/dl><br style=\"clear: both\" \/>\n\t\t\t<\/div>\n\n","protected":false},"excerpt":{"rendered":"<p>U Gradskoj upravi Grada Slatine gradona\u010delnik Denis Ostro\u0161i\u0107 ugostio je predstavnike p\u010delarske udruge \u201eLipa\u201c iz Slatine, predsjednika Darija Kova\u010da, blagajnika Ratka Mirkajlovi\u0107a i \u010dlana Upravnog<span class=\"excerpt-hellip\"> [\u2026]<\/span><\/p>\n","protected":false},"author":5,"featured_media":99542,"comment_status":"open","ping_status":"open","sticky":false,"template":"","format":"standard","meta":{"ngg_post_thumbnail":0,"footnotes":""},"categories":[137,139],"tags":[],"class_list":["post-99534","post","type-post","status-publish","format-standard","has-post-thumbnail","hentry","category-naslovnica","category-sport-kultura-i-udruge"],"_links":{"self":[{"href":"https:\/\/www.slatina.hr\/portal\/wp-json\/wp\/v2\/posts\/99534","targetHints":{"allow":["GET"]}}],"collection":[{"href":"https:\/\/www.slatina.hr\/portal\/wp-json\/wp\/v2\/posts"}],"about":[{"href":"https:\/\/www.slatina.hr\/portal\/wp-json\/wp\/v2\/types\/post"}],"author":[{"embeddable":true,"href":"https:\/\/www.slatina.hr\/portal\/wp-json\/wp\/v2\/users\/5"}],"replies":[{"embeddable":true,"href":"https:\/\/www.slatina.hr\/portal\/wp-json\/wp\/v2\/comments?post=99534"}],"version-history":[{"count":1,"href":"https:\/\/www.slatina.hr\/portal\/wp-json\/wp\/v2\/posts\/99534\/revisions"}],"predecessor-version":[{"id":99543,"href":"https:\/\/www.slatina.hr\/portal\/wp-json\/wp\/v2\/posts\/99534\/revisions\/99543"}],"wp:featuredmedia":[{"embeddable":true,"href":"https:\/\/www.slatina.hr\/portal\/wp-json\/wp\/v2\/media\/99542"}],"wp:attachment":[{"href":"https:\/\/www.slatina.hr\/portal\/wp-json\/wp\/v2\/media?parent=99534"}],"wp:term":[{"taxonomy":"category","embeddable":true,"href":"https:\/\/www.slatina.hr\/portal\/wp-json\/wp\/v2\/categories?post=99534"},{"taxonomy":"post_tag","embeddable":true,"href":"https:\/\/www.slatina.hr\/portal\/wp-json\/wp\/v2\/tags?post=99534"}],"curies":[{"name":"wp","href":"https:\/\/api.w.org\/{rel}","templated":true}]}}