{"id":98183,"date":"2019-12-04T13:23:48","date_gmt":"2019-12-04T12:23:48","guid":{"rendered":"https:\/\/www.slatina.hr\/portal\/?p=98183"},"modified":"2019-12-04T13:23:48","modified_gmt":"2019-12-04T12:23:48","slug":"13-prosinca-u-vocinu-11-hodocasce-hrvatskih-branitelja-hrvatske-vojske-i-policije-gospi-vocinskoj","status":"publish","type":"post","link":"https:\/\/www.slatina.hr\/portal\/13-prosinca-u-vocinu-11-hodocasce-hrvatskih-branitelja-hrvatske-vojske-i-policije-gospi-vocinskoj\/","title":{"rendered":"13. prosinca u Vo\u0107inu 11. hodo\u010da\u0161\u0107e hrvatskih branitelja, hrvatske vojske i policije \u201eGospi Vo\u0107inskoj\u201c"},"content":{"rendered":"<p>U petak, 13. prosinca ove godine u sveti\u0161tu \u201eGospe Vo\u0107inske\u201d u Vo\u0107inu odr\u017eat \u0107e se 11. po redu hodo\u010da\u0161\u0107e hrvatskih branitelja, hrvatske vojske i policije, a s posebnim pijetetom nakon 28 godina prema 47 \u017ertava stradalih 13. prosinca 1991. godine od strane agresora.<\/p>\n<p>Organizator je Zajednica udruga i \u010dlanova HVIDR-a Viroviti\u010dko-podravske \u017eupanije, suorganizatori Viroviti\u010dko-podravska \u017eupanija i Op\u0107ina Vo\u0107in, a pokrovitelji Ministarstvo hrvatskih branitelja, Grad Slatina i Slatinska banka d.d.<\/p>\n<p>Organizatori pozivaju sve Vas, posebno hrvatsku vojsku i policiju te braniteljsku populaciju da do\u0111u i sudjeluju u hodnji u \u0161to ve\u0107em broju, u Vo\u0107inu, mjestu najve\u0107eg stradanja u Domovinskom ratu nakon Vukovara i \u0160kabrnje.<\/p>\n<p>O\u010dekuje se dolazak preko 5000 hodo\u010dasnika iz cijele Republike Hrvatske i Bosne i Hercegovine, a hodo\u010dasnici \u0107e hodnju po\u010deti u 9:45 sati iz pravca Slatine, Orahovice, Virovitice, Na\u0161ica i Osijeka koju \u0107e predvoditi Ilija Nikoli\u0107, te iz pravca Po\u017eege, Nove Gradi\u0161ke i Slavonskog Broda koju \u0107e predvoditi Josip Rado\u010daj.<br \/>\nHodo\u010dasnici \u0107e se susresti kod kri\u017ea na Trgu Gospe Vo\u0107inske i zaputiti prema Prebendi.<\/p>\n<p>U 11 sati krenuti \u0107e pokorni\u010dko-molitvena procesija od Prebende do crkve Poho\u0111enja Bla\u017eene Djevice Marije gdje \u0107e u 12 sati biti slu\u017eena sv. misa.<\/p>\n<p>U 13:15 sati kod spomen obilje\u017eja u vo\u0107inskom \u201eMalom parku\u201c odr\u017eat \u0107e se komemorativni skup, a od 14 sati susret s rodbinom poginulih u Domovinskom ratu i uzvanicima u Hrvatskom domu na zajedni\u010dkom ru\u010dku.<\/p>\n<p>Do\u0111ite i Vi i sudjelujete u hodnji hrvatskih branitelja, hrvatske vojske i policije 13. prosinca s po\u010detkom u 9:45 sati. (mf)<\/p>\n<p><img loading=\"lazy\" decoding=\"async\" class=\"alignnone size-full wp-image-98184\" src=\"https:\/\/www.slatina.hr\/portal\/wp-content\/uploads\/2019\/12\/11.-Hodo\u010da\u0161\u0107e.jpg\" alt=\"\" width=\"2362\" height=\"1772\" srcset=\"https:\/\/www.slatina.hr\/portal\/wp-content\/uploads\/2019\/12\/11.-Hodo\u010da\u0161\u0107e.jpg 2362w, https:\/\/www.slatina.hr\/portal\/wp-content\/uploads\/2019\/12\/11.-Hodo\u010da\u0161\u0107e-768x576.jpg 768w, https:\/\/www.slatina.hr\/portal\/wp-content\/uploads\/2019\/12\/11.-Hodo\u010da\u0161\u0107e-1536x1152.jpg 1536w, https:\/\/www.slatina.hr\/portal\/wp-content\/uploads\/2019\/12\/11.-Hodo\u010da\u0161\u0107e-2048x1536.jpg 2048w, https:\/\/www.slatina.hr\/portal\/wp-content\/uploads\/2019\/12\/11.-Hodo\u010da\u0161\u0107e-195x146.jpg 195w, https:\/\/www.slatina.hr\/portal\/wp-content\/uploads\/2019\/12\/11.-Hodo\u010da\u0161\u0107e-50x38.jpg 50w, https:\/\/www.slatina.hr\/portal\/wp-content\/uploads\/2019\/12\/11.-Hodo\u010da\u0161\u0107e-100x75.jpg 100w, https:\/\/www.slatina.hr\/portal\/wp-content\/uploads\/2019\/12\/11.-Hodo\u010da\u0161\u0107e-620x465.jpg 620w\" sizes=\"auto, (max-width:767px) 480px, (max-width:2362px) 100vw, 2362px\" \/><\/p>\n<p>Kontakt osobe:<\/p>\n<p><strong>Organizator<\/strong>: Mato Buba\u0161 \u2013 098\/315-229, predsjednik ZUi\u010c HVIDR-a Viroviti\u010dko-podravske \u017eupanije i predsjednik Odbora za hrvatske branitelje VP\u017d,<\/p>\n<p><strong>Voditelj hodnje<\/strong>: Ilija Nikoli\u0107 \u2013 099\/510-5662, predsjednik Udruge HVIDR-a Slatina i predsjednik Odbora za hrvatske branitelje grada Slatine<\/p>\n<p><strong>Protokol komemoracije: <\/strong>Simodejan Peri\u0107 \u2013 099\/531-8385, pro\u010delnik u Op\u0107ini Vo\u0107in.<\/p>\n<p><img loading=\"lazy\" decoding=\"async\" class=\"alignnone size-full wp-image-98185\" src=\"https:\/\/www.slatina.hr\/portal\/wp-content\/uploads\/2019\/12\/karta2019-1.jpg\" alt=\"\" width=\"1754\" height=\"1240\" srcset=\"https:\/\/www.slatina.hr\/portal\/wp-content\/uploads\/2019\/12\/karta2019-1.jpg 1754w, https:\/\/www.slatina.hr\/portal\/wp-content\/uploads\/2019\/12\/karta2019-1-768x543.jpg 768w, https:\/\/www.slatina.hr\/portal\/wp-content\/uploads\/2019\/12\/karta2019-1-1536x1086.jpg 1536w, https:\/\/www.slatina.hr\/portal\/wp-content\/uploads\/2019\/12\/karta2019-1-207x146.jpg 207w, https:\/\/www.slatina.hr\/portal\/wp-content\/uploads\/2019\/12\/karta2019-1-50x35.jpg 50w, https:\/\/www.slatina.hr\/portal\/wp-content\/uploads\/2019\/12\/karta2019-1-106x75.jpg 106w, https:\/\/www.slatina.hr\/portal\/wp-content\/uploads\/2019\/12\/karta2019-1-620x438.jpg 620w\" sizes=\"auto, (max-width:767px) 480px, (max-width:1754px) 100vw, 1754px\" \/><\/p>\n","protected":false},"excerpt":{"rendered":"<p>U petak, 13. prosinca ove godine u sveti\u0161tu \u201eGospe Vo\u0107inske\u201d u Vo\u0107inu odr\u017eat \u0107e se 11. po redu hodo\u010da\u0161\u0107e hrvatskih branitelja, hrvatske vojske i policije,<span class=\"excerpt-hellip\"> [\u2026]<\/span><\/p>\n","protected":false},"author":5,"featured_media":98186,"comment_status":"open","ping_status":"open","sticky":false,"template":"","format":"standard","meta":{"ngg_post_thumbnail":0,"footnotes":""},"categories":[136,137],"tags":[],"class_list":["post-98183","post","type-post","status-publish","format-standard","has-post-thumbnail","hentry","category-grad-slatina","category-naslovnica"],"_links":{"self":[{"href":"https:\/\/www.slatina.hr\/portal\/wp-json\/wp\/v2\/posts\/98183","targetHints":{"allow":["GET"]}}],"collection":[{"href":"https:\/\/www.slatina.hr\/portal\/wp-json\/wp\/v2\/posts"}],"about":[{"href":"https:\/\/www.slatina.hr\/portal\/wp-json\/wp\/v2\/types\/post"}],"author":[{"embeddable":true,"href":"https:\/\/www.slatina.hr\/portal\/wp-json\/wp\/v2\/users\/5"}],"replies":[{"embeddable":true,"href":"https:\/\/www.slatina.hr\/portal\/wp-json\/wp\/v2\/comments?post=98183"}],"version-history":[{"count":2,"href":"https:\/\/www.slatina.hr\/portal\/wp-json\/wp\/v2\/posts\/98183\/revisions"}],"predecessor-version":[{"id":98188,"href":"https:\/\/www.slatina.hr\/portal\/wp-json\/wp\/v2\/posts\/98183\/revisions\/98188"}],"wp:featuredmedia":[{"embeddable":true,"href":"https:\/\/www.slatina.hr\/portal\/wp-json\/wp\/v2\/media\/98186"}],"wp:attachment":[{"href":"https:\/\/www.slatina.hr\/portal\/wp-json\/wp\/v2\/media?parent=98183"}],"wp:term":[{"taxonomy":"category","embeddable":true,"href":"https:\/\/www.slatina.hr\/portal\/wp-json\/wp\/v2\/categories?post=98183"},{"taxonomy":"post_tag","embeddable":true,"href":"https:\/\/www.slatina.hr\/portal\/wp-json\/wp\/v2\/tags?post=98183"}],"curies":[{"name":"wp","href":"https:\/\/api.w.org\/{rel}","templated":true}]}}