{"id":96397,"date":"2019-09-26T16:20:53","date_gmt":"2019-09-26T14:20:53","guid":{"rendered":"https:\/\/www.slatina.hr\/portal\/?p=96397"},"modified":"2019-09-26T16:20:53","modified_gmt":"2019-09-26T14:20:53","slug":"drustvo-nasa-djeca-slatina-donacijom-dobilo-vozilo-iz-tirola","status":"publish","type":"post","link":"https:\/\/www.slatina.hr\/portal\/drustvo-nasa-djeca-slatina-donacijom-dobilo-vozilo-iz-tirola\/","title":{"rendered":"Dru\u0161tvo \u201eNa\u0161a djeca\u201c Slatina donacijom dobilo vozilo iz Tirola"},"content":{"rendered":"<p>Koordinator za humanitarnu pomo\u0107 Vlade Tirola, Peter Logar danas je u austrijskom gradu Innsbrucku uru\u010dio klju\u010deve vozila marke Volkswagen predsjednici Dru\u0161tva \u201eNa\u0161a djeca\u201c Slatina Snje\u017eani Pa\u010dari\u0107 u nazo\u010dnosti zamjenika zapovjednika Javne vatrogasne postrojbe Slatina Tomislava Uhera.<\/p>\n<p>Do ove je suradnje na zahtjev Dru\u0161tva \u201eNa\u0161a djeca\u201c Slatina do\u0161lo posredstvom zapovjednice Vatrogasne zajednice Viroviti\u010dko-podravske \u017eupanije Mateje Fras Venus, gdje su potrebe za pomo\u0107 u radu ovoj vrlo aktivnoj udruzi na podru\u010dju grada Slatine, koji je po\u010detkom rujna ove godine dobio presti\u017enu titulu \u201eGrad Slatina \u2013 prijatelj djece\u201c, prepoznali i odobrili predstavnik za pomo\u0107 i donacije za RH i zapovjednik DVD-a Lipik Tomislav Stoki\u0107 i \u017eupan Viroviti\u010dko-podravske \u017eupanije Igor Androvi\u0107.<\/p>\n<p>Ova \u0107e vrijedna donacija pridonijeti jo\u0161 kvalitetnijem radu tijekom provo\u0111enja programskih i planskih aktivnosti za potrebe djece i mladih u gradu Slatini.<\/p>\n<p>Slu\u017ebena primopredaja doniranog vozila o\u010dekuje se uskoro u Slatini, kada se na sve\u010danosti uru\u010denja o\u010dekuje i nazo\u010dnost, u na\u0161em kraju ve\u0107 dobro poznatog velikog donatora Petera Logara.<br \/>\n(www.radioslatina.hr)<\/p>\n\n\t\t\t<style type='text\/css'>\n\t\t\t\t#sc_gallery-1 {\n\t\t\t\t\tmargin: auto;\n\t\t\t\t}\n\t\t\t\t#sc_gallery-1 .gallery-item {\n\t\t\t\t\tfloat: left;\n\t\t\t\t\ttext-align: center;\n\t\t\t\t\twidth: 33.33%;\n\t\t\t\t}\n\t\t\t\t#sc_gallery-1 img {\n\t\t\t\t\tborder: 2px solid #cfcfcf;\n\t\t\t\t}\n\t\t\t\t\/* see sc_gallery() in functions\/theme-shortcodes.php *\/\n\t\t\t<\/style>\n\t\t<div id='sc_gallery-1' class='gallery galleryid-96397 gallery-columns-3 gallery-size-thumbnail file element_classes gallery-default'><dl class='gallery-item'  data-title='IMG-76dd5ee41414d4a13d657ca3a71b0514-V' data-description=''><div class='gallery-item-wrapper'>\n\t\t\t\t<dt class='gallery-icon portrait'>\n\t\t\t\t\t<a href='https:\/\/www.slatina.hr\/portal\/wp-content\/uploads\/2019\/09\/IMG-76dd5ee41414d4a13d657ca3a71b0514-V.jpg'><img loading=\"lazy\" decoding=\"async\" width=\"190\" height=\"130\" src=\"https:\/\/www.slatina.hr\/portal\/wp-content\/uploads\/2019\/09\/IMG-76dd5ee41414d4a13d657ca3a71b0514-V-190x130.jpg\" class=\"attachment-thumbnail size-thumbnail\" alt=\"\" \/><\/a>\n\t\t\t\t<\/dt><\/div><\/dl><dl class='gallery-item'  data-title='IMG-f2d9ba635694dbf8db2627e3dd275540-V' data-description=''><div class='gallery-item-wrapper'>\n\t\t\t\t<dt class='gallery-icon portrait'>\n\t\t\t\t\t<a href='https:\/\/www.slatina.hr\/portal\/wp-content\/uploads\/2019\/09\/IMG-f2d9ba635694dbf8db2627e3dd275540-V.jpg'><img loading=\"lazy\" decoding=\"async\" width=\"190\" height=\"130\" src=\"https:\/\/www.slatina.hr\/portal\/wp-content\/uploads\/2019\/09\/IMG-f2d9ba635694dbf8db2627e3dd275540-V-190x130.jpg\" class=\"attachment-thumbnail size-thumbnail\" alt=\"\" \/><\/a>\n\t\t\t\t<\/dt><\/div><\/dl><dl class='gallery-item'  data-title='IMG-264bef26ad3e08fa63e6aee2ea2ea54e-V' data-description=''><div class='gallery-item-wrapper'>\n\t\t\t\t<dt class='gallery-icon landscape'>\n\t\t\t\t\t<a href='https:\/\/www.slatina.hr\/portal\/wp-content\/uploads\/2019\/09\/IMG-264bef26ad3e08fa63e6aee2ea2ea54e-V.jpg'><img loading=\"lazy\" decoding=\"async\" width=\"190\" height=\"130\" src=\"https:\/\/www.slatina.hr\/portal\/wp-content\/uploads\/2019\/09\/IMG-264bef26ad3e08fa63e6aee2ea2ea54e-V-190x130.jpg\" class=\"attachment-thumbnail size-thumbnail\" alt=\"\" \/><\/a>\n\t\t\t\t<\/dt><\/div><\/dl><br style=\"clear: both\" \/>\n\t\t\t<\/div>\n\n","protected":false},"excerpt":{"rendered":"<p>Koordinator za humanitarnu pomo\u0107 Vlade Tirola, Peter Logar danas je u austrijskom gradu Innsbrucku uru\u010dio klju\u010deve vozila marke Volkswagen predsjednici Dru\u0161tva \u201eNa\u0161a djeca\u201c Slatina Snje\u017eani<span class=\"excerpt-hellip\"> [\u2026]<\/span><\/p>\n","protected":false},"author":5,"featured_media":96401,"comment_status":"open","ping_status":"open","sticky":false,"template":"","format":"standard","meta":{"ngg_post_thumbnail":0,"footnotes":""},"categories":[136,137],"tags":[],"class_list":["post-96397","post","type-post","status-publish","format-standard","has-post-thumbnail","hentry","category-grad-slatina","category-naslovnica"],"_links":{"self":[{"href":"https:\/\/www.slatina.hr\/portal\/wp-json\/wp\/v2\/posts\/96397","targetHints":{"allow":["GET"]}}],"collection":[{"href":"https:\/\/www.slatina.hr\/portal\/wp-json\/wp\/v2\/posts"}],"about":[{"href":"https:\/\/www.slatina.hr\/portal\/wp-json\/wp\/v2\/types\/post"}],"author":[{"embeddable":true,"href":"https:\/\/www.slatina.hr\/portal\/wp-json\/wp\/v2\/users\/5"}],"replies":[{"embeddable":true,"href":"https:\/\/www.slatina.hr\/portal\/wp-json\/wp\/v2\/comments?post=96397"}],"version-history":[{"count":1,"href":"https:\/\/www.slatina.hr\/portal\/wp-json\/wp\/v2\/posts\/96397\/revisions"}],"predecessor-version":[{"id":96402,"href":"https:\/\/www.slatina.hr\/portal\/wp-json\/wp\/v2\/posts\/96397\/revisions\/96402"}],"wp:featuredmedia":[{"embeddable":true,"href":"https:\/\/www.slatina.hr\/portal\/wp-json\/wp\/v2\/media\/96401"}],"wp:attachment":[{"href":"https:\/\/www.slatina.hr\/portal\/wp-json\/wp\/v2\/media?parent=96397"}],"wp:term":[{"taxonomy":"category","embeddable":true,"href":"https:\/\/www.slatina.hr\/portal\/wp-json\/wp\/v2\/categories?post=96397"},{"taxonomy":"post_tag","embeddable":true,"href":"https:\/\/www.slatina.hr\/portal\/wp-json\/wp\/v2\/tags?post=96397"}],"curies":[{"name":"wp","href":"https:\/\/api.w.org\/{rel}","templated":true}]}}