{"id":95649,"date":"2019-09-03T11:48:35","date_gmt":"2019-09-03T09:48:35","guid":{"rendered":"https:\/\/www.slatina.hr\/portal\/?p=95649"},"modified":"2019-09-03T12:24:10","modified_gmt":"2019-09-03T10:24:10","slug":"4-rujna-memorijalna-hodnja-od-mikleusa-do-cetekovca","status":"publish","type":"post","link":"https:\/\/www.slatina.hr\/portal\/4-rujna-memorijalna-hodnja-od-mikleusa-do-cetekovca\/","title":{"rendered":"4. rujna Memorijalna hodnja od Mikleu\u0161a do \u010cetekovca"},"content":{"rendered":"<p>U srijedu, 4. rujna Udruga HVIDR-a Slatina, u okviru projekta \u201eIstina o pobjednicima\u201c, organizira \u201eMemorijalnu hodnju Mikleu\u0161-\u010cetekovac\u201c u znak sje\u0107anja na 24 nevine \u017ertve \u010detni\u010dkog masakra po\u010dinjenog 1991.<\/p>\n<p>Hodnja duga 5 kilometara zapo\u010det \u0107e u centru Mikleu\u0161a u 7:30 sati, a dolazak sudionika u \u010cetekovac predvi\u0111a se za 8:45 sati. Komemoracija u \u010cetekovcu po\u010dinje u 9:05 sati. U hodnji \u0107e sudjelovati hrvatski ratni vojni invalidi, hrvatski dragovoljci i branitelji, te \u010dlanovi njihovih obitelji s podru\u010dja Viroviti\u010dko-podravske \u017eupanije.<\/p>\n<p><strong>\u2013 S ciljem da dostojanstveno odamo po\u010dast svim stradalima i da se njihova \u017ertva nikada ne zaboravi, a istina o Domovinskom ratu promi\u010de u svakom kutku Lijepe na\u0161e, pozivamo Vas da nam se priklju\u010dite u Memorijalnoj hodnji<\/strong> \u2013 stoji u pozivu predsjednika Udruge HVIDR-a Slatina Ilije Nikoli\u0107a.<\/p>\n<p>Za sve dodatne informacije mo\u017eete kontaktirati predsjednika Udruge HVIDR-a Slatina Iliju Nikoli\u0107a na broj mobitela: 099 510 5662.<\/p>\n<p>Pokrovitelji hodnje su Op\u0107ina Mikleu\u0161, Viroviti\u010dko-podravska \u017eupanija i Ministarstvo hrvatskih branitelja.<br \/>\n(www.radioslatina.hr)<\/p>\n<p>&nbsp;<\/p>\n","protected":false},"excerpt":{"rendered":"<p>U srijedu, 4. rujna Udruga HVIDR-a Slatina, u okviru projekta \u201eIstina o pobjednicima\u201c, organizira \u201eMemorijalnu hodnju Mikleu\u0161-\u010cetekovac\u201c u znak sje\u0107anja na 24 nevine \u017ertve \u010detni\u010dkog<span class=\"excerpt-hellip\"> [\u2026]<\/span><\/p>\n","protected":false},"author":5,"featured_media":95650,"comment_status":"open","ping_status":"open","sticky":false,"template":"","format":"standard","meta":{"ngg_post_thumbnail":0,"footnotes":""},"categories":[136,137],"tags":[],"class_list":["post-95649","post","type-post","status-publish","format-standard","has-post-thumbnail","hentry","category-grad-slatina","category-naslovnica"],"_links":{"self":[{"href":"https:\/\/www.slatina.hr\/portal\/wp-json\/wp\/v2\/posts\/95649","targetHints":{"allow":["GET"]}}],"collection":[{"href":"https:\/\/www.slatina.hr\/portal\/wp-json\/wp\/v2\/posts"}],"about":[{"href":"https:\/\/www.slatina.hr\/portal\/wp-json\/wp\/v2\/types\/post"}],"author":[{"embeddable":true,"href":"https:\/\/www.slatina.hr\/portal\/wp-json\/wp\/v2\/users\/5"}],"replies":[{"embeddable":true,"href":"https:\/\/www.slatina.hr\/portal\/wp-json\/wp\/v2\/comments?post=95649"}],"version-history":[{"count":3,"href":"https:\/\/www.slatina.hr\/portal\/wp-json\/wp\/v2\/posts\/95649\/revisions"}],"predecessor-version":[{"id":95653,"href":"https:\/\/www.slatina.hr\/portal\/wp-json\/wp\/v2\/posts\/95649\/revisions\/95653"}],"wp:featuredmedia":[{"embeddable":true,"href":"https:\/\/www.slatina.hr\/portal\/wp-json\/wp\/v2\/media\/95650"}],"wp:attachment":[{"href":"https:\/\/www.slatina.hr\/portal\/wp-json\/wp\/v2\/media?parent=95649"}],"wp:term":[{"taxonomy":"category","embeddable":true,"href":"https:\/\/www.slatina.hr\/portal\/wp-json\/wp\/v2\/categories?post=95649"},{"taxonomy":"post_tag","embeddable":true,"href":"https:\/\/www.slatina.hr\/portal\/wp-json\/wp\/v2\/tags?post=95649"}],"curies":[{"name":"wp","href":"https:\/\/api.w.org\/{rel}","templated":true}]}}