{"id":94113,"date":"2019-06-27T22:24:17","date_gmt":"2019-06-27T20:24:17","guid":{"rendered":"https:\/\/www.slatina.hr\/portal\/?p=94113"},"modified":"2019-06-27T22:24:17","modified_gmt":"2019-06-27T20:24:17","slug":"dmk-potpisan-sporazum-s-akademijom-za-umjetnost-i-kulturu-u-osijeku","status":"publish","type":"post","link":"https:\/\/www.slatina.hr\/portal\/dmk-potpisan-sporazum-s-akademijom-za-umjetnost-i-kulturu-u-osijeku\/","title":{"rendered":"DMK \u2013 potpisan Sporazum s Akademijom za umjetnost i kulturu u Osijeku"},"content":{"rendered":"<p>Danas je u prostorijama\u00a0Grada Slatine odr\u017eana sve\u010danost potpisivanja Sporazuma o suradnji\u00a0izme\u0111u Akademije za umjetnost i kulturu u Osijeku u sustavu Sveu\u010dili\u0161ta Josipa Jurja Strossmayera i Glazbene \u0161kole Milka Kelemena Slatina u cilju ja\u010danja budu\u0107e suradnje i razvijanja kulturnih, umjetni\u010dkih, znanstvenih, nastavnih i znanstvenoistra\u017eiva\u010dkih iskustava, aktivnosti i zajedni\u010dkih interesa.<\/p>\n<p>Sporazum su potpisali ravnatelj Glazbene \u0161kole Milka Kelemena Slatina i ravnatelj festivalskog odbora DMK Antonio Brzica i dekanica Akademije za umjetnost i kulturu u Osijeku Helena Sabli\u0107 Tomi\u0107 u nazo\u010dnosti gradona\u010delnika Grada Slatine Denisa Ostro\u0161i\u0107a i prodekanice za nastavu i studente Akademije Antoanete Rado\u010daj-Jerkovi\u0107.<\/p>\n<p><img loading=\"lazy\" decoding=\"async\" class=\"wp-image-94118 alignleft\" src=\"https:\/\/www.slatina.hr\/portal\/wp-content\/uploads\/2019\/06\/IMG_1086_1024x683.jpg\" alt=\"\" width=\"300\" height=\"200\" srcset=\"https:\/\/www.slatina.hr\/portal\/wp-content\/uploads\/2019\/06\/IMG_1086_1024x683.jpg 1024w, https:\/\/www.slatina.hr\/portal\/wp-content\/uploads\/2019\/06\/IMG_1086_1024x683-768x512.jpg 768w, https:\/\/www.slatina.hr\/portal\/wp-content\/uploads\/2019\/06\/IMG_1086_1024x683-219x146.jpg 219w, https:\/\/www.slatina.hr\/portal\/wp-content\/uploads\/2019\/06\/IMG_1086_1024x683-50x33.jpg 50w, https:\/\/www.slatina.hr\/portal\/wp-content\/uploads\/2019\/06\/IMG_1086_1024x683-112x75.jpg 112w, https:\/\/www.slatina.hr\/portal\/wp-content\/uploads\/2019\/06\/IMG_1086_1024x683-620x414.jpg 620w\" sizes=\"auto, (max-width:767px) 300px, 300px\" \/>Dekanica Sabli\u0107 Tomi\u0107 tom je prigodom istaknula dosada\u0161nju dobru suradnju u sklopu Me\u0111unarodnog glazbenog\u00a0festivala Dani Milka Kelemena, te naglasila kako je ovogodi\u0161nji jubilarni 25. festival izuzetna prigoda za potpisivanje Sporazuma s nadom da \u0107e Akademija postati trajni partner festivala.<\/p>\n<p><strong>&#8211; S obzirom na na\u0161u glazbenu scenu i na ostale odsjeke koje imamo: likovni, gluma\u010dki, kreativnu tehnologiju, primijenjenu umjetnost\u2026 mo\u017eemo se uklopiti s razli\u010ditim sadr\u017eajima<\/strong>, &#8211; rekla je denanica Helena Sabli\u0107 Tomi\u0107 zahvaliv\u0161i se ravnatelju Brzici na inicijativi \u0161to je u Akademiji prepoznao zanimljivog partnera, te dodala:<\/p>\n<p><strong>&#8211; Zahvalila bi se i Gradu Slatini koji bi, nakon \u0161to je prije nekoliko tjedana otvorena nastavna baza u Gradskom kazali\u0161tu Virovitica, mogao postati nova nastavna baza u kojoj bi Sveu\u010dili\u0161te Josipa Jurja Strossmayera moglo biti vezano uz glazbenu \u0161kolu, ali i neke druge sadr\u017eaje.<br \/>\nMislim da se na taj na\u010din grad Slatina otvara jednoj znanstveno-umjetni\u010dkoj sceni koja ipak di\u017ee razinu od lokalnog prema nacionalnom pa i europskom i zato pozdravljam podr\u0161ku gradona\u010delnika, jer bez lokalne uprave ne mo\u017eemo ni\u0161ta i to je jedan dobar splet gdje \u0107emo usmjeravati na\u0161e sadr\u017eaje.<br \/>\nOvim sporazumom Sveu\u010dili\u0161te se upisalo i u mapu grada Slatine te vjerujem da \u0107emo ostati trajni partneri i pomo\u0107i vam u organiziranju nekih va\u0161ih manifestacija povodom Dana grada i Dana Milka Kelemena<\/strong>, &#8211; zaklju\u010dila je dekanica Sabli\u0107 Tomi\u0107.<\/p>\n<p>Prema rije\u010dima ravnatelja Antonija Brzice, bilo je do sada u ovih 25 godina lijepih suradnji kroz niz odr\u017eavanja koncerata, sudjelovanja studenata u <img loading=\"lazy\" decoding=\"async\" class=\"wp-image-94119 alignright\" src=\"https:\/\/www.slatina.hr\/portal\/wp-content\/uploads\/2019\/06\/IMG_1071_1024x683.jpg\" alt=\"\" width=\"308\" height=\"205\" srcset=\"https:\/\/www.slatina.hr\/portal\/wp-content\/uploads\/2019\/06\/IMG_1071_1024x683.jpg 1024w, https:\/\/www.slatina.hr\/portal\/wp-content\/uploads\/2019\/06\/IMG_1071_1024x683-768x512.jpg 768w, https:\/\/www.slatina.hr\/portal\/wp-content\/uploads\/2019\/06\/IMG_1071_1024x683-219x146.jpg 219w, https:\/\/www.slatina.hr\/portal\/wp-content\/uploads\/2019\/06\/IMG_1071_1024x683-50x33.jpg 50w, https:\/\/www.slatina.hr\/portal\/wp-content\/uploads\/2019\/06\/IMG_1071_1024x683-112x75.jpg 112w, https:\/\/www.slatina.hr\/portal\/wp-content\/uploads\/2019\/06\/IMG_1071_1024x683-620x414.jpg 620w\" sizes=\"auto, (max-width:767px) 308px, 308px\" \/>okruglim stolovima, pa \u010dak i prezentiranje doktorskih radova.<\/p>\n<p><strong>&#8211; Zahvalio bih se Umjetni\u010dkoj akademiji i Sveu\u010dili\u0161tu \u0161to su prepoznali ovu na\u0161u inicijativu te smatram da je prirodno i logi\u010dno, s obzirom da se Me\u0111unarodni glazbeni festival DMK odr\u017eava u Slatini, odnosno Slavoniji, da se na neki na\u010din moramo povezati, te zajedno poku\u0161amo podignuti festival uz pomo\u0107 Ministarstva kulture na nacionalnu razinu \u0161to bi izme\u0111u ostaloga uz dodatnu financijsku potporu donijelo jo\u0161 ve\u0107u kvalitetu.<br \/>\nNadam se da \u0107e na tragu ove suradnje i Ministarstvo prepoznati zna\u010daj festivala kako bi i slavonsko podru\u010dje u prigodi 25. godi\u0161njice DMK dobilo svoj nacionalni festival<\/strong>, &#8211; zaklju\u010dio je Brzica.<\/p>\n<p><strong>&#8211; <\/strong><strong>Zadovoljstvo mi je \u0161to danas mogu prisustvovati ovom sve\u010danom \u010dinu u kojemu krstimo jednu suradnju koja vjerujem da \u0107e biti dugogodi\u0161nja,<\/strong> &#8211; rekao je gradona\u010delnik Ostro\u0161i\u0107 pozdravljaju\u0107i go\u0161\u0107e, te dodao:<\/p>\n<p><strong>&#8211; Grad \u0107e apsolutno podr\u017eati ovu suradnju jer imamo kapacitete, od na\u0161ih mladih do onoga \u0161to grad ima i \u0161to \u0107e imati u idu\u0107em periodu, odnosno infrastrukturu kojom \u0107emo osigurati ovu kulturnu suradnju. Vjerujem da je ovo prvi korak iza kojega se nadam daljnjoj uspje\u0161noj suradnji s puno sli\u010dnih susreta, prije svega studenata i svih onih koji participiraju na\u0161emu gradu<\/strong>, \u2013 zaklju\u010dio je gradona\u010delnik Denis Ostro\u0161i\u0107.<\/p>\n<p>Suradnja \u0107e se manifestirati kroz sudjelovanje studenata i profesora u samim programima budu\u0107ih festivala, a osim glazbe koja je primarna suradnja \u0107e se manifestirati najvjerojatnije i kroz scenski i likovni dio.<br \/>\nJako je bitno \u0161to \u0107e Akademija kroz svoj nastavni plan i program uvrstiti i Dane Milka Kelemena koji \u0107e biti jedan od va\u017enijih projekata kroz akademsku godinu, pojasnio je Brzica, na \u0161to je prodekanica za nastavu i studente Akademije za umjetnost i kulturu, na odsjeku za glazbenu umjetnost, Antoaneta Rado\u010daj-Jerkovi\u0107 dodala:<\/p>\n<p><strong><img loading=\"lazy\" decoding=\"async\" class=\"wp-image-94120 alignleft\" src=\"https:\/\/www.slatina.hr\/portal\/wp-content\/uploads\/2019\/06\/IMG_1076_1024x683.jpg\" alt=\"\" width=\"273\" height=\"182\" srcset=\"https:\/\/www.slatina.hr\/portal\/wp-content\/uploads\/2019\/06\/IMG_1076_1024x683.jpg 1024w, https:\/\/www.slatina.hr\/portal\/wp-content\/uploads\/2019\/06\/IMG_1076_1024x683-768x512.jpg 768w, https:\/\/www.slatina.hr\/portal\/wp-content\/uploads\/2019\/06\/IMG_1076_1024x683-219x146.jpg 219w, https:\/\/www.slatina.hr\/portal\/wp-content\/uploads\/2019\/06\/IMG_1076_1024x683-50x33.jpg 50w, https:\/\/www.slatina.hr\/portal\/wp-content\/uploads\/2019\/06\/IMG_1076_1024x683-112x75.jpg 112w, https:\/\/www.slatina.hr\/portal\/wp-content\/uploads\/2019\/06\/IMG_1076_1024x683-620x414.jpg 620w\" sizes=\"auto, (max-width:767px) 273px, 273px\" \/>&#8211; Nas posebno veseli ova suradnja budu\u0107i da je ona u neformalnom smislu bila ve\u0107 i ranije prisutna, a evo sada u ovom formalnom smislu smo ve\u0107 kroz radni sastanak planirali aktivnosti s na\u0161im studentima, prvenstveno za aplikaciju za sljede\u0107i festival uz koji imamo planove, ali iz uz obilje\u017eavanje ro\u0111endana Milka Kelemena tako da \u0107e na\u0161i studenti biti zna\u010dajnije uklju\u010deni u programe prvenstveno kao izvo\u0111a\u010di, a plan je pro\u0161iriti suradnju i na posjete, okrugle stolove, ali i organiziranje nekih doga\u0111anja u Osijeku<\/strong>, &#8211; rekla je prodekanica Antoaneta Rado\u010daj-Jerkovi\u0107.<br \/>\n(www.radioslatina.hr)<\/p>\n\n\t\t\t<style type='text\/css'>\n\t\t\t\t#sc_gallery-1 {\n\t\t\t\t\tmargin: auto;\n\t\t\t\t}\n\t\t\t\t#sc_gallery-1 .gallery-item {\n\t\t\t\t\tfloat: left;\n\t\t\t\t\ttext-align: center;\n\t\t\t\t\twidth: 24.99%;\n\t\t\t\t}\n\t\t\t\t#sc_gallery-1 img {\n\t\t\t\t\tborder: 2px solid #cfcfcf;\n\t\t\t\t}\n\t\t\t\t\/* see sc_gallery() in functions\/theme-shortcodes.php *\/\n\t\t\t<\/style>\n\t\t<div id='sc_gallery-1' class='gallery galleryid-94113 gallery-columns-4 gallery-size-thumbnail file element_classes gallery-default'><dl class='gallery-item'  data-title='IMG_1058_1024x683' data-description=''><div class='gallery-item-wrapper'>\n\t\t\t\t<dt class='gallery-icon landscape'>\n\t\t\t\t\t<a href='https:\/\/www.slatina.hr\/portal\/wp-content\/uploads\/2019\/06\/IMG_1058_1024x683.jpg'><img loading=\"lazy\" decoding=\"async\" width=\"190\" height=\"130\" src=\"https:\/\/www.slatina.hr\/portal\/wp-content\/uploads\/2019\/06\/IMG_1058_1024x683-190x130.jpg\" class=\"attachment-thumbnail size-thumbnail\" alt=\"\" srcset=\"https:\/\/www.slatina.hr\/portal\/wp-content\/uploads\/2019\/06\/IMG_1058_1024x683-190x130.jpg 190w, https:\/\/www.slatina.hr\/portal\/wp-content\/uploads\/2019\/06\/IMG_1058_1024x683-50x33.jpg 50w\" sizes=\"auto, (max-width:767px) 190px, 190px\" \/><\/a>\n\t\t\t\t<\/dt><\/div><\/dl><dl class='gallery-item'  data-title='IMG_1063_1024x683' data-description=''><div class='gallery-item-wrapper'>\n\t\t\t\t<dt class='gallery-icon landscape'>\n\t\t\t\t\t<a href='https:\/\/www.slatina.hr\/portal\/wp-content\/uploads\/2019\/06\/IMG_1063_1024x683.jpg'><img loading=\"lazy\" decoding=\"async\" width=\"190\" height=\"130\" src=\"https:\/\/www.slatina.hr\/portal\/wp-content\/uploads\/2019\/06\/IMG_1063_1024x683-190x130.jpg\" class=\"attachment-thumbnail size-thumbnail\" alt=\"\" srcset=\"https:\/\/www.slatina.hr\/portal\/wp-content\/uploads\/2019\/06\/IMG_1063_1024x683-190x130.jpg 190w, https:\/\/www.slatina.hr\/portal\/wp-content\/uploads\/2019\/06\/IMG_1063_1024x683-50x33.jpg 50w\" sizes=\"auto, (max-width:767px) 190px, 190px\" \/><\/a>\n\t\t\t\t<\/dt><\/div><\/dl><dl class='gallery-item'  data-title='IMG_1097_1024x683' data-description=''><div class='gallery-item-wrapper'>\n\t\t\t\t<dt class='gallery-icon landscape'>\n\t\t\t\t\t<a href='https:\/\/www.slatina.hr\/portal\/wp-content\/uploads\/2019\/06\/IMG_1097_1024x683.jpg'><img loading=\"lazy\" decoding=\"async\" width=\"190\" height=\"130\" src=\"https:\/\/www.slatina.hr\/portal\/wp-content\/uploads\/2019\/06\/IMG_1097_1024x683-190x130.jpg\" class=\"attachment-thumbnail size-thumbnail\" alt=\"\" srcset=\"https:\/\/www.slatina.hr\/portal\/wp-content\/uploads\/2019\/06\/IMG_1097_1024x683-190x130.jpg 190w, https:\/\/www.slatina.hr\/portal\/wp-content\/uploads\/2019\/06\/IMG_1097_1024x683-50x33.jpg 50w\" sizes=\"auto, (max-width:767px) 190px, 190px\" \/><\/a>\n\t\t\t\t<\/dt><\/div><\/dl><dl class='gallery-item'  data-title='IMG_1100_1024x683' data-description=''><div class='gallery-item-wrapper'>\n\t\t\t\t<dt class='gallery-icon landscape'>\n\t\t\t\t\t<a href='https:\/\/www.slatina.hr\/portal\/wp-content\/uploads\/2019\/06\/IMG_1100_1024x683.jpg'><img loading=\"lazy\" decoding=\"async\" width=\"190\" height=\"130\" src=\"https:\/\/www.slatina.hr\/portal\/wp-content\/uploads\/2019\/06\/IMG_1100_1024x683-190x130.jpg\" class=\"attachment-thumbnail size-thumbnail\" alt=\"\" srcset=\"https:\/\/www.slatina.hr\/portal\/wp-content\/uploads\/2019\/06\/IMG_1100_1024x683-190x130.jpg 190w, https:\/\/www.slatina.hr\/portal\/wp-content\/uploads\/2019\/06\/IMG_1100_1024x683-50x33.jpg 50w\" sizes=\"auto, (max-width:767px) 190px, 190px\" \/><\/a>\n\t\t\t\t<\/dt><\/div><\/dl><br style=\"clear: both\" \/>\n\t\t\t<\/div>\n\n","protected":false},"excerpt":{"rendered":"<p>Danas je u prostorijama\u00a0Grada Slatine odr\u017eana sve\u010danost potpisivanja Sporazuma o suradnji\u00a0izme\u0111u Akademije za umjetnost i kulturu u Osijeku u sustavu Sveu\u010dili\u0161ta Josipa Jurja Strossmayera i<span class=\"excerpt-hellip\"> [\u2026]<\/span><\/p>\n","protected":false},"author":5,"featured_media":94121,"comment_status":"open","ping_status":"open","sticky":false,"template":"","format":"standard","meta":{"ngg_post_thumbnail":0,"footnotes":""},"categories":[137,139],"tags":[],"class_list":["post-94113","post","type-post","status-publish","format-standard","has-post-thumbnail","hentry","category-naslovnica","category-sport-kultura-i-udruge"],"_links":{"self":[{"href":"https:\/\/www.slatina.hr\/portal\/wp-json\/wp\/v2\/posts\/94113","targetHints":{"allow":["GET"]}}],"collection":[{"href":"https:\/\/www.slatina.hr\/portal\/wp-json\/wp\/v2\/posts"}],"about":[{"href":"https:\/\/www.slatina.hr\/portal\/wp-json\/wp\/v2\/types\/post"}],"author":[{"embeddable":true,"href":"https:\/\/www.slatina.hr\/portal\/wp-json\/wp\/v2\/users\/5"}],"replies":[{"embeddable":true,"href":"https:\/\/www.slatina.hr\/portal\/wp-json\/wp\/v2\/comments?post=94113"}],"version-history":[{"count":1,"href":"https:\/\/www.slatina.hr\/portal\/wp-json\/wp\/v2\/posts\/94113\/revisions"}],"predecessor-version":[{"id":94122,"href":"https:\/\/www.slatina.hr\/portal\/wp-json\/wp\/v2\/posts\/94113\/revisions\/94122"}],"wp:featuredmedia":[{"embeddable":true,"href":"https:\/\/www.slatina.hr\/portal\/wp-json\/wp\/v2\/media\/94121"}],"wp:attachment":[{"href":"https:\/\/www.slatina.hr\/portal\/wp-json\/wp\/v2\/media?parent=94113"}],"wp:term":[{"taxonomy":"category","embeddable":true,"href":"https:\/\/www.slatina.hr\/portal\/wp-json\/wp\/v2\/categories?post=94113"},{"taxonomy":"post_tag","embeddable":true,"href":"https:\/\/www.slatina.hr\/portal\/wp-json\/wp\/v2\/tags?post=94113"}],"curies":[{"name":"wp","href":"https:\/\/api.w.org\/{rel}","templated":true}]}}