{"id":92035,"date":"2019-04-03T23:06:26","date_gmt":"2019-04-03T21:06:26","guid":{"rendered":"https:\/\/www.slatina.hr\/portal\/?p=92035"},"modified":"2019-04-03T23:06:26","modified_gmt":"2019-04-03T21:06:26","slug":"slatinski-vretenci-najavili-gradonacelniku-brojne-aktivnosti-do-kraja-godine","status":"publish","type":"post","link":"https:\/\/www.slatina.hr\/portal\/slatinski-vretenci-najavili-gradonacelniku-brojne-aktivnosti-do-kraja-godine\/","title":{"rendered":"Slatinski Vretenci najavili gradona\u010delniku brojne aktivnosti do kraja godine"},"content":{"rendered":"<p>Predstavnice slatinske Udruge Vretenac, predsjednica Patricija Karaman i koordinatorica volontera Julijana Pavle\u0161i\u0107 posjetile su danas gradona\u010delnika Slatine Denisa Ostro\u0161i\u0107a koji ih je primio u nazo\u010dnosti pro\u010delnika Stru\u010dne slu\u017ebe Krunoslava \u0160araboka.<br \/>\nSastanku je prisustvovala i Lidija Stojkovi\u0107, koordinatorica programskih aktivnosti Udruge Jaglac Orahovica, kako bi istaknula va\u017enost djelovanja Udruge u Slatini te pru\u017eila podr\u0161ku u daljnjem radu \u010dlanovima Udruge Vretenac.<\/p>\n<p>Predstavnice Vretenca ukratko su predstavile rad i aktivnosti Udruge u ovoj godini, a izme\u0111u ostalog najavile predavanja, edukacije i radionice koje \u0107e Udruga organizirati i odr\u017eati do kraja godine, a koje su namijenjene \u0161iroj lokalnoj zajednici.<\/p>\n<p>Nakon uspje\u0161nog obilje\u017eavanja Svjetskog dana svjesnosti o autizmu, zahvalile su Gradu Slatini na pokroviteljstvu i podr\u0161ci u organizaciji ovog doga\u0111anja, ali i svih ostalih aktivnosti Udruge.<\/p>\n<p>Isto tako iskoristile su prigodu, te najavile predavanje na temu \u201e<em>Pristupi i metode rada s djecom i osobama iz autisti\u010dnog spektra<\/em>\u201c, koje \u0107e za sve zainteresirane gra\u0111ane odr\u017eati magistrica edukacijske rehabilitacije Lorena Ko\u0161ti\u0107, u subotu 13. travnja u prostorijama posebnih odjela Osnovne \u0161kole Eugena Kumi\u010di\u0107a Slatina od 9 do 12 sati.<br \/>\nPredavanje \u0107e se odr\u017eati pod pokroviteljstvom Grada Slatine, a u sklopu projekta \u201ePusti me da kora\u010dam u skladu s glazbom koju \u010dujem\u201c.<br \/>\n(www.radioslatina.hr)<\/p>\n\n\t\t\t<style type='text\/css'>\n\t\t\t\t#sc_gallery-1 {\n\t\t\t\t\tmargin: auto;\n\t\t\t\t}\n\t\t\t\t#sc_gallery-1 .gallery-item {\n\t\t\t\t\tfloat: left;\n\t\t\t\t\ttext-align: center;\n\t\t\t\t\twidth: 24.99%;\n\t\t\t\t}\n\t\t\t\t#sc_gallery-1 img {\n\t\t\t\t\tborder: 2px solid #cfcfcf;\n\t\t\t\t}\n\t\t\t\t\/* see sc_gallery() in functions\/theme-shortcodes.php *\/\n\t\t\t<\/style>\n\t\t<div id='sc_gallery-1' class='gallery galleryid-92035 gallery-columns-4 gallery-size-thumbnail file element_classes gallery-default'><dl class='gallery-item'  data-title='IMG_9604_1024x683' data-description=''><div class='gallery-item-wrapper'>\n\t\t\t\t<dt class='gallery-icon landscape'>\n\t\t\t\t\t<a href='https:\/\/www.slatina.hr\/portal\/wp-content\/uploads\/2019\/04\/IMG_9604_1024x683.jpg'><img loading=\"lazy\" decoding=\"async\" width=\"190\" height=\"130\" src=\"https:\/\/www.slatina.hr\/portal\/wp-content\/uploads\/2019\/04\/IMG_9604_1024x683-190x130.jpg\" class=\"attachment-thumbnail size-thumbnail\" alt=\"\" srcset=\"https:\/\/www.slatina.hr\/portal\/wp-content\/uploads\/2019\/04\/IMG_9604_1024x683-190x130.jpg 190w, https:\/\/www.slatina.hr\/portal\/wp-content\/uploads\/2019\/04\/IMG_9604_1024x683-50x33.jpg 50w\" sizes=\"auto, (max-width:767px) 190px, 190px\" \/><\/a>\n\t\t\t\t<\/dt><\/div><\/dl><dl class='gallery-item'  data-title='IMG_9608_1024x683' data-description=''><div class='gallery-item-wrapper'>\n\t\t\t\t<dt class='gallery-icon landscape'>\n\t\t\t\t\t<a href='https:\/\/www.slatina.hr\/portal\/wp-content\/uploads\/2019\/04\/IMG_9608_1024x683.jpg'><img loading=\"lazy\" decoding=\"async\" width=\"190\" height=\"130\" src=\"https:\/\/www.slatina.hr\/portal\/wp-content\/uploads\/2019\/04\/IMG_9608_1024x683-190x130.jpg\" class=\"attachment-thumbnail size-thumbnail\" alt=\"\" srcset=\"https:\/\/www.slatina.hr\/portal\/wp-content\/uploads\/2019\/04\/IMG_9608_1024x683-190x130.jpg 190w, https:\/\/www.slatina.hr\/portal\/wp-content\/uploads\/2019\/04\/IMG_9608_1024x683-50x33.jpg 50w\" sizes=\"auto, (max-width:767px) 190px, 190px\" \/><\/a>\n\t\t\t\t<\/dt><\/div><\/dl><dl class='gallery-item'  data-title='IMG_9614_1024x683' data-description=''><div class='gallery-item-wrapper'>\n\t\t\t\t<dt class='gallery-icon landscape'>\n\t\t\t\t\t<a href='https:\/\/www.slatina.hr\/portal\/wp-content\/uploads\/2019\/04\/IMG_9614_1024x683.jpg'><img loading=\"lazy\" decoding=\"async\" width=\"190\" height=\"130\" src=\"https:\/\/www.slatina.hr\/portal\/wp-content\/uploads\/2019\/04\/IMG_9614_1024x683-190x130.jpg\" class=\"attachment-thumbnail size-thumbnail\" alt=\"\" srcset=\"https:\/\/www.slatina.hr\/portal\/wp-content\/uploads\/2019\/04\/IMG_9614_1024x683-190x130.jpg 190w, https:\/\/www.slatina.hr\/portal\/wp-content\/uploads\/2019\/04\/IMG_9614_1024x683-50x33.jpg 50w\" sizes=\"auto, (max-width:767px) 190px, 190px\" \/><\/a>\n\t\t\t\t<\/dt><\/div><\/dl>\n\t\t\t\t<br style='clear: both' \/>\n\t\t\t<\/div>\n\n","protected":false},"excerpt":{"rendered":"<p>Predstavnice slatinske Udruge Vretenac, predsjednica Patricija Karaman i koordinatorica volontera Julijana Pavle\u0161i\u0107 posjetile su danas gradona\u010delnika Slatine Denisa Ostro\u0161i\u0107a koji ih je primio u nazo\u010dnosti<span class=\"excerpt-hellip\"> [\u2026]<\/span><\/p>\n","protected":false},"author":5,"featured_media":92039,"comment_status":"open","ping_status":"open","sticky":false,"template":"","format":"standard","meta":{"ngg_post_thumbnail":0,"footnotes":""},"categories":[137,139],"tags":[],"class_list":["post-92035","post","type-post","status-publish","format-standard","has-post-thumbnail","hentry","category-naslovnica","category-sport-kultura-i-udruge"],"_links":{"self":[{"href":"https:\/\/www.slatina.hr\/portal\/wp-json\/wp\/v2\/posts\/92035","targetHints":{"allow":["GET"]}}],"collection":[{"href":"https:\/\/www.slatina.hr\/portal\/wp-json\/wp\/v2\/posts"}],"about":[{"href":"https:\/\/www.slatina.hr\/portal\/wp-json\/wp\/v2\/types\/post"}],"author":[{"embeddable":true,"href":"https:\/\/www.slatina.hr\/portal\/wp-json\/wp\/v2\/users\/5"}],"replies":[{"embeddable":true,"href":"https:\/\/www.slatina.hr\/portal\/wp-json\/wp\/v2\/comments?post=92035"}],"version-history":[{"count":1,"href":"https:\/\/www.slatina.hr\/portal\/wp-json\/wp\/v2\/posts\/92035\/revisions"}],"predecessor-version":[{"id":92040,"href":"https:\/\/www.slatina.hr\/portal\/wp-json\/wp\/v2\/posts\/92035\/revisions\/92040"}],"wp:featuredmedia":[{"embeddable":true,"href":"https:\/\/www.slatina.hr\/portal\/wp-json\/wp\/v2\/media\/92039"}],"wp:attachment":[{"href":"https:\/\/www.slatina.hr\/portal\/wp-json\/wp\/v2\/media?parent=92035"}],"wp:term":[{"taxonomy":"category","embeddable":true,"href":"https:\/\/www.slatina.hr\/portal\/wp-json\/wp\/v2\/categories?post=92035"},{"taxonomy":"post_tag","embeddable":true,"href":"https:\/\/www.slatina.hr\/portal\/wp-json\/wp\/v2\/tags?post=92035"}],"curies":[{"name":"wp","href":"https:\/\/api.w.org\/{rel}","templated":true}]}}