{"id":92015,"date":"2019-04-03T10:34:48","date_gmt":"2019-04-03T08:34:48","guid":{"rendered":"https:\/\/www.slatina.hr\/portal\/?p=92015"},"modified":"2019-04-17T08:51:03","modified_gmt":"2019-04-17T06:51:03","slug":"pripreme-za-slatinski-proljetni-sajam-u-punom-jeku","status":"publish","type":"post","link":"https:\/\/www.slatina.hr\/portal\/pripreme-za-slatinski-proljetni-sajam-u-punom-jeku\/","title":{"rendered":"Pripreme za Slatinski proljetni sajam u punom jeku"},"content":{"rendered":"<p>Ju\u010der je odr\u017ean jo\u0161 jedan radni sastanak vezan za organizaciju Slatinskog proljetnog sajma u maloj vije\u0107nici Grada Slatine kojemu su uz predstavnike organizatora: Grada Slatine, gradona\u010delnika Denisa Ostro\u0161i\u0107a sa suradnicima Verom Rada\u0161 i Matejom Peretinom, Turisti\u010dke zajednice Vanje Lazi\u0107, Ministarstva poljoprivrede Tihane Bi\u0161\u0107an i Dru\u0161tva na\u0161a djeca Renate Grahovac, prisustvovali ravnatelji i predstavnici osnovnih i srednjih \u0161kola s podru\u010dja grada Slatine, osnovnih \u0161kola iz Nove Bukovice i \u010ca\u0111avice, slatinskih dje\u010djih vrti\u0107a, te Slatinskog informativnog centra.<\/p>\n<p>Slatinski proljetni sajam odr\u017eat \u0107e se u nedjelju 5. svibnja, a obuhva\u0107at \u0107e tri cjeline: Sajam cvije\u0107a, Sajam slastica i Cvjetni korzo gdje \u0107e svaka cjelina osmisliti prezentaciju na temu ovogodi\u0161njeg sajma \u2013 p\u010dela.<\/p>\n<p>Na sastanku se raspravljalo o programu sajma koji \u0107e i ove godine posjetiteljima ponuditi mno\u0161tvo doga\u0111anja i aktivnosti popra\u0107eno nastupima polaznika vrti\u0107a i u\u010denika osnovnih i glazbene \u0161kole, dok \u0107e se u\u010denici srednjih \u0161kola aktivirati u osmi\u0161ljavanje atraktivnog prostora sa zanimljivim prezentacijama izlaga\u010da, a predvi\u0111en je i Gastro program uz brojne radionice i degustacije od kojih \u0107e vjerujemo jedna od najzanimljivijih biti predstavljanje nacionalne staklenke za med koju \u0107e prezentirati Udruga p\u010delara \u201eLipa\u201c Slatina uz organizaciju Medenog zalogaja za sve posjetitelje.<\/p>\n<p>Odr\u017eavanje programa u okviru Sajma cvije\u0107a i Sajma slastica bit \u0107e u sredi\u0161njem gradskom parku s po\u010detkom u 9 sati, a Cvjetni korzo na \u201estaro\u0161kolskom\u201c igrali\u0161tu. U slu\u010daju lo\u0161eg vremena Slatinski proljetni sajam bit \u0107e odgo\u0111en za sljede\u0107u nedjelju 12. svibnja.<br \/>\n(www.radioslatina.hr)<\/p>\n\n\t\t\t<style type='text\/css'>\n\t\t\t\t#sc_gallery-1 {\n\t\t\t\t\tmargin: auto;\n\t\t\t\t}\n\t\t\t\t#sc_gallery-1 .gallery-item {\n\t\t\t\t\tfloat: left;\n\t\t\t\t\ttext-align: center;\n\t\t\t\t\twidth: 24.99%;\n\t\t\t\t}\n\t\t\t\t#sc_gallery-1 img {\n\t\t\t\t\tborder: 2px solid #cfcfcf;\n\t\t\t\t}\n\t\t\t\t\/* see sc_gallery() in functions\/theme-shortcodes.php *\/\n\t\t\t<\/style>\n\t\t<div id='sc_gallery-1' class='gallery galleryid-92015 gallery-columns-4 gallery-size-thumbnail file element_classes gallery-default'><dl class='gallery-item'  data-title='IMG-0be6333683cc6c70e7c6e2f2d4292654-V' data-description=''><div class='gallery-item-wrapper'>\n\t\t\t\t<dt class='gallery-icon landscape'>\n\t\t\t\t\t<a href='https:\/\/www.slatina.hr\/portal\/wp-content\/uploads\/2019\/04\/IMG-0be6333683cc6c70e7c6e2f2d4292654-V.jpg'><img loading=\"lazy\" decoding=\"async\" width=\"190\" height=\"130\" src=\"https:\/\/www.slatina.hr\/portal\/wp-content\/uploads\/2019\/04\/IMG-0be6333683cc6c70e7c6e2f2d4292654-V-190x130.jpg\" class=\"attachment-thumbnail size-thumbnail\" alt=\"\" \/><\/a>\n\t\t\t\t<\/dt><\/div><\/dl><dl class='gallery-item'  data-title='IMG-7ec9dd273f276b87624b153ad14dfed5-V' data-description=''><div class='gallery-item-wrapper'>\n\t\t\t\t<dt class='gallery-icon landscape'>\n\t\t\t\t\t<a href='https:\/\/www.slatina.hr\/portal\/wp-content\/uploads\/2019\/04\/IMG-7ec9dd273f276b87624b153ad14dfed5-V.jpg'><img loading=\"lazy\" decoding=\"async\" width=\"190\" height=\"130\" src=\"https:\/\/www.slatina.hr\/portal\/wp-content\/uploads\/2019\/04\/IMG-7ec9dd273f276b87624b153ad14dfed5-V-190x130.jpg\" class=\"attachment-thumbnail size-thumbnail\" alt=\"\" \/><\/a>\n\t\t\t\t<\/dt><\/div><\/dl><dl class='gallery-item'  data-title='IMG-59888bea58043e99296116203e05e06c-V' data-description=''><div class='gallery-item-wrapper'>\n\t\t\t\t<dt class='gallery-icon landscape'>\n\t\t\t\t\t<a href='https:\/\/www.slatina.hr\/portal\/wp-content\/uploads\/2019\/04\/IMG-59888bea58043e99296116203e05e06c-V.jpg'><img loading=\"lazy\" decoding=\"async\" width=\"190\" height=\"130\" src=\"https:\/\/www.slatina.hr\/portal\/wp-content\/uploads\/2019\/04\/IMG-59888bea58043e99296116203e05e06c-V-190x130.jpg\" class=\"attachment-thumbnail size-thumbnail\" alt=\"\" \/><\/a>\n\t\t\t\t<\/dt><\/div><\/dl><dl class='gallery-item'  data-title='IMG-1184333a97caad01f354982d2b2c6a54-V' data-description=''><div class='gallery-item-wrapper'>\n\t\t\t\t<dt class='gallery-icon landscape'>\n\t\t\t\t\t<a href='https:\/\/www.slatina.hr\/portal\/wp-content\/uploads\/2019\/04\/IMG-1184333a97caad01f354982d2b2c6a54-V.jpg'><img loading=\"lazy\" decoding=\"async\" width=\"190\" height=\"130\" src=\"https:\/\/www.slatina.hr\/portal\/wp-content\/uploads\/2019\/04\/IMG-1184333a97caad01f354982d2b2c6a54-V-190x130.jpg\" class=\"attachment-thumbnail size-thumbnail\" alt=\"\" \/><\/a>\n\t\t\t\t<\/dt><\/div><\/dl><br style=\"clear: both\" \/>\n\t\t\t<\/div>\n\n","protected":false},"excerpt":{"rendered":"<p>Ju\u010der je odr\u017ean jo\u0161 jedan radni sastanak vezan za organizaciju Slatinskog proljetnog sajma u maloj vije\u0107nici Grada Slatine kojemu su uz predstavnike organizatora: Grada Slatine,<span class=\"excerpt-hellip\"> [\u2026]<\/span><\/p>\n","protected":false},"author":5,"featured_media":92020,"comment_status":"open","ping_status":"open","sticky":false,"template":"","format":"standard","meta":{"ngg_post_thumbnail":0,"footnotes":""},"categories":[136,137],"tags":[],"class_list":["post-92015","post","type-post","status-publish","format-standard","has-post-thumbnail","hentry","category-grad-slatina","category-naslovnica"],"_links":{"self":[{"href":"https:\/\/www.slatina.hr\/portal\/wp-json\/wp\/v2\/posts\/92015","targetHints":{"allow":["GET"]}}],"collection":[{"href":"https:\/\/www.slatina.hr\/portal\/wp-json\/wp\/v2\/posts"}],"about":[{"href":"https:\/\/www.slatina.hr\/portal\/wp-json\/wp\/v2\/types\/post"}],"author":[{"embeddable":true,"href":"https:\/\/www.slatina.hr\/portal\/wp-json\/wp\/v2\/users\/5"}],"replies":[{"embeddable":true,"href":"https:\/\/www.slatina.hr\/portal\/wp-json\/wp\/v2\/comments?post=92015"}],"version-history":[{"count":3,"href":"https:\/\/www.slatina.hr\/portal\/wp-json\/wp\/v2\/posts\/92015\/revisions"}],"predecessor-version":[{"id":92028,"href":"https:\/\/www.slatina.hr\/portal\/wp-json\/wp\/v2\/posts\/92015\/revisions\/92028"}],"wp:featuredmedia":[{"embeddable":true,"href":"https:\/\/www.slatina.hr\/portal\/wp-json\/wp\/v2\/media\/92020"}],"wp:attachment":[{"href":"https:\/\/www.slatina.hr\/portal\/wp-json\/wp\/v2\/media?parent=92015"}],"wp:term":[{"taxonomy":"category","embeddable":true,"href":"https:\/\/www.slatina.hr\/portal\/wp-json\/wp\/v2\/categories?post=92015"},{"taxonomy":"post_tag","embeddable":true,"href":"https:\/\/www.slatina.hr\/portal\/wp-json\/wp\/v2\/tags?post=92015"}],"curies":[{"name":"wp","href":"https:\/\/api.w.org\/{rel}","templated":true}]}}