{"id":91763,"date":"2018-09-21T09:21:16","date_gmt":"2018-09-21T07:21:16","guid":{"rendered":"https:\/\/www.slatina.hr\/portal\/?p=91763"},"modified":"2019-03-29T09:22:46","modified_gmt":"2019-03-29T08:22:46","slug":"odrzana-6-sjednica-savjeta-mladih-grada-slatine","status":"publish","type":"post","link":"https:\/\/www.slatina.hr\/portal\/odrzana-6-sjednica-savjeta-mladih-grada-slatine\/","title":{"rendered":"Odr\u017eana 6. sjednica Savjeta mladih Grada Slatine"},"content":{"rendered":"<p>U \u010detvrtak, 20. rujna u vije\u0107nici Gradske uprave Grada Slatine odr\u017eana je 6. sjednica Savjeta mladih Grada Slatine.<\/p>\n<p>Predsjednik Savjeta Mario \u0110urini\u0107 izme\u0111u ostalog na sjednici je \u010dlanovima savjeta i gradona\u010delniku Denisu Ostro\u0161i\u0107u koji je sudjelovao u radu sjednice, podnio izvje\u0161\u0107e o aktivnostima u proteklom razdoblju od kojih je istaknuo kao zna\u010dajnije sudjelovanje Savjeta mladih Grada Slatine na Danima strukturiranog dijaloga u organizaciji Mre\u017ee mladih Hrvatske u Zagrebu 18. i 19. rujna 2018.<\/p>\n<p>Osnovna tematika susreta bila je strukturirani dijalog kao pokreta\u010d lokalne promjene. Drugim rije\u010dima, cilj ovog mehanizma je osigurati da preporuke i mi\u0161ljenja mladih ljudi na\u0111u svoje mjesto u nacionalnim i europskim politikama za mlade kako bi se pobolj\u0161ala kvaliteta njihova \u017eivota i unaprijedio polo\u017eaj mladih u nekom podru\u010dju.<\/p>\n<p>Osim toga, predstavnici Savjeta mladih aktivno su sudjelovali u organizaciji brojnih kulturnih i drugih doga\u0111anja u gradu.<\/p>\n<p>Od budu\u0107ih aktivnosti spomenimo sudjelovanje Savjeta mladih Grada Slatine u projektu: \u201eMladi za mlade u prevenciji i suzbijanju ovisnosti\u201d tijekom 2019. godine u suradnji sa Zavodom za javno zdravstvo \u201eSveti Rok\u201d Viroviti\u010dko-podravske \u017eupanije. Projekt je usmjeren prevenciji i suzbijanju ovisnosti i za\u0161titi mentalnog zdravlja gra\u0111ana Viroviti\u010dko-podravske \u017eupanije.<\/p>\n<p>Na sjednici je jednoglasno usvojen Program rada za 2019. godinu, a koji \u0107e biti predan u zakonskom roku do 30. rujna Gradskom vije\u0107u Grada Slatine na usvajanje.<\/p>\n<p>Savjet mladih i dalje \u0107e nastojati informirati mlade u Gradu Slatini o svim pitanjima zna\u010dajnim za unapre\u0111ivanje polo\u017eaja mladih, a jednako tako i o radu Savjeta mladih. Tako\u0111er, u budu\u0107nosti \u0107e se usmjeriti na pru\u017eanje informacija mladima \u2013 br\u017ee i dostupnije, a \u0161to&nbsp; uvjetuje i realizaciju poslovnih prilika, a to je svakako jedan od najva\u017enijih preduvjeta za ostanak u rodnoj sredini.<\/p>\n<p>Aktivnosti sadr\u017eane u Programu rada Savjeta mladih Grada Slatine za 2019. godinu proizlaze iz djelokruga Savjeta mladih utvr\u0111enog Zakonom o savjetima mladih i Odlukom. Program rada usmjeren je na \u010dinjenicu da su mladi va\u017ean dio dru\u0161tva koji svojim znanjem i kreativno\u0161\u0107u mogu doprinijeti njegovom razvoju.<\/p>\n<p>Gradona\u010delnik Denis Ostro\u0161i\u0107 obe\u0107ao je i ubudu\u0107e podr\u0161ku Grada Slatine u ostvarivanju planiranih aktivnosti rada Savjeta mladih, a ujedno je iznio i prijedloge kako rad savjeta u\u010diniti vidljivijim i dostupnijim upravo onoj populaciji na kojoj i po\u010diva budu\u0107nost Grada \u2013 mladima.<\/p>\n<p>Spomenimo da su sjednici sudjelovali osim predsjednika Marija \u0110urini\u0107a jo\u0161 i Ivan Gribl, Robert Hodak, Juraj Randelj, Kristijan Jelen\u010di\u0107 i Ana Brtan. <em>(mk \/ Foto: Marijo Kokori\u0107)<\/em><\/p>\n","protected":false},"excerpt":{"rendered":"<p>U \u010detvrtak, 20. rujna u vije\u0107nici Gradske uprave Grada Slatine odr\u017eana je 6. sjednica Savjeta mladih Grada Slatine. Predsjednik Savjeta Mario \u0110urini\u0107 izme\u0111u ostalog na<span class=\"excerpt-hellip\"> [\u2026]<\/span><\/p>\n","protected":false},"author":1,"featured_media":91764,"comment_status":"open","ping_status":"open","sticky":false,"template":"","format":"standard","meta":{"ngg_post_thumbnail":0,"footnotes":""},"categories":[144],"tags":[],"class_list":["post-91763","post","type-post","status-publish","format-standard","has-post-thumbnail","hentry","category-savjet-mladih-grada-slatine"],"_links":{"self":[{"href":"https:\/\/www.slatina.hr\/portal\/wp-json\/wp\/v2\/posts\/91763","targetHints":{"allow":["GET"]}}],"collection":[{"href":"https:\/\/www.slatina.hr\/portal\/wp-json\/wp\/v2\/posts"}],"about":[{"href":"https:\/\/www.slatina.hr\/portal\/wp-json\/wp\/v2\/types\/post"}],"author":[{"embeddable":true,"href":"https:\/\/www.slatina.hr\/portal\/wp-json\/wp\/v2\/users\/1"}],"replies":[{"embeddable":true,"href":"https:\/\/www.slatina.hr\/portal\/wp-json\/wp\/v2\/comments?post=91763"}],"version-history":[{"count":1,"href":"https:\/\/www.slatina.hr\/portal\/wp-json\/wp\/v2\/posts\/91763\/revisions"}],"predecessor-version":[{"id":91765,"href":"https:\/\/www.slatina.hr\/portal\/wp-json\/wp\/v2\/posts\/91763\/revisions\/91765"}],"wp:featuredmedia":[{"embeddable":true,"href":"https:\/\/www.slatina.hr\/portal\/wp-json\/wp\/v2\/media\/91764"}],"wp:attachment":[{"href":"https:\/\/www.slatina.hr\/portal\/wp-json\/wp\/v2\/media?parent=91763"}],"wp:term":[{"taxonomy":"category","embeddable":true,"href":"https:\/\/www.slatina.hr\/portal\/wp-json\/wp\/v2\/categories?post=91763"},{"taxonomy":"post_tag","embeddable":true,"href":"https:\/\/www.slatina.hr\/portal\/wp-json\/wp\/v2\/tags?post=91763"}],"curies":[{"name":"wp","href":"https:\/\/api.w.org\/{rel}","templated":true}]}}