{"id":88960,"date":"2013-07-08T13:11:13","date_gmt":"2013-07-08T11:11:13","guid":{"rendered":"http:\/\/www.slatina.hr\/?p=4704"},"modified":"2013-07-08T13:11:13","modified_gmt":"2013-07-08T11:11:13","slug":"prijavite-se-za-sudjelovanje-na-3-sajmu-agro-proizvoda-i-opreme-agroexpo-2013-koji-ce-se-odrzati-u-virovitici-31-kolovoza","status":"publish","type":"post","link":"https:\/\/www.slatina.hr\/portal\/prijavite-se-za-sudjelovanje-na-3-sajmu-agro-proizvoda-i-opreme-agroexpo-2013-koji-ce-se-odrzati-u-virovitici-31-kolovoza\/","title":{"rendered":"Prijavite se za sudjelovanje na 3. sajmu agro proizvoda i opreme Agroexpo 2013 koji \u0107e se odr\u017eati u Virovitici 31. kolovoza"},"content":{"rendered":"<p>Tre\u0107i po redu sajam agro proizvoda i opreme Agroexpo 2013 i ove godine odr\u017eati \u0107e se u sklopu obilje\u017eavanja Dana Viroviti\u010dko-podravske \u017eupanije i to 31. kolovoza u Virovitici. U sklopu sajma, ve\u0107 tradicionalno, odr\u017eati \u0107e se razne izlo\u017ebe i ocjenjivanja kao \u0161to su \u017eupanijska izlo\u017eba vo\u0107a, povr\u0107a i p\u010delinjih proizvoda, me\u0111unarodno ocjenjivanje meda, izlo\u017eba ljekovitog bilja, izlo\u017eba vina i \u017eupanijsko ocjenjivanje meda, sajam meda i p\u010delinjih proizvoda\u2026<\/p>\n<p>Podsjetimo, 2. sajam Agroexpo koji je odr\u017ean 1. rujna pro\u0161le godine okupio je 66 izlaga\u010da s podru\u010dja Viroviti\u010dko-podravske i susjednih \u017eupanija. Organizatori i pokrovitelji sajma Agroexpo bili su Viroviti\u010dko-podravska \u017eupanija i Grad Virovitica, HGK \u017dK Virovitica, HOK POK Viroviti\u010dko-podravske \u017eupanije, Turisti\u010dka zajednica Viroviti\u010dko-podravske \u017eupanije, VIDRA Agencija za regionalni razvoj Viroviti\u010dko-podravske \u017eupanije, \u017dupanijska podru\u017enica Poljoprivredne savjetodavne slu\u017ebe, \u017dupanijski savez poljoprivrednih udruga i Viroexpo d.o.o. Medijski pokrovitelj sajma bio je Informativni centar Virovitica.<\/p>\n<p>Prijavnicu za sudjelovanje mo\u017eete preuzeti <a href=\"http:\/\/www.slatina.hr\/wp-content\/uploads\/2013\/07\/ovdje..doc\">ovdje.<\/a><\/p>\n","protected":false},"excerpt":{"rendered":"<p>Tre\u0107i po redu sajam agro proizvoda i opreme Agroexpo 2013 i ove godine odr\u017eati \u0107e se u sklopu obilje\u017eavanja Dana Viroviti\u010dko-podravske \u017eupanije i to 31.<span class=\"excerpt-hellip\"> [\u2026]<\/span><\/p>\n","protected":false},"author":1,"featured_media":4706,"comment_status":"closed","ping_status":"closed","sticky":false,"template":"","format":"standard","meta":{"ngg_post_thumbnail":0,"footnotes":""},"categories":[138],"tags":[],"class_list":["post-88960","post","type-post","status-publish","format-standard","has-post-thumbnail","hentry","category-zupanija-i-opcine"],"_links":{"self":[{"href":"https:\/\/www.slatina.hr\/portal\/wp-json\/wp\/v2\/posts\/88960","targetHints":{"allow":["GET"]}}],"collection":[{"href":"https:\/\/www.slatina.hr\/portal\/wp-json\/wp\/v2\/posts"}],"about":[{"href":"https:\/\/www.slatina.hr\/portal\/wp-json\/wp\/v2\/types\/post"}],"author":[{"embeddable":true,"href":"https:\/\/www.slatina.hr\/portal\/wp-json\/wp\/v2\/users\/1"}],"replies":[{"embeddable":true,"href":"https:\/\/www.slatina.hr\/portal\/wp-json\/wp\/v2\/comments?post=88960"}],"version-history":[{"count":0,"href":"https:\/\/www.slatina.hr\/portal\/wp-json\/wp\/v2\/posts\/88960\/revisions"}],"wp:featuredmedia":[{"embeddable":true,"href":"https:\/\/www.slatina.hr\/portal\/wp-json\/wp\/v2\/media\/4706"}],"wp:attachment":[{"href":"https:\/\/www.slatina.hr\/portal\/wp-json\/wp\/v2\/media?parent=88960"}],"wp:term":[{"taxonomy":"category","embeddable":true,"href":"https:\/\/www.slatina.hr\/portal\/wp-json\/wp\/v2\/categories?post=88960"},{"taxonomy":"post_tag","embeddable":true,"href":"https:\/\/www.slatina.hr\/portal\/wp-json\/wp\/v2\/tags?post=88960"}],"curies":[{"name":"wp","href":"https:\/\/api.w.org\/{rel}","templated":true}]}}