{"id":88904,"date":"2013-06-05T22:56:11","date_gmt":"2013-06-05T20:56:11","guid":{"rendered":"http:\/\/www.slatina.hr\/?p=4580"},"modified":"2013-06-05T22:56:11","modified_gmt":"2013-06-05T20:56:11","slug":"u-nedjelju-otvorenje-slatinskog-ljeta-2013","status":"publish","type":"post","link":"https:\/\/www.slatina.hr\/portal\/u-nedjelju-otvorenje-slatinskog-ljeta-2013\/","title":{"rendered":"U nedjelju otvorenje &#8221;Slatinskog ljeta 2013&#8221;"},"content":{"rendered":"<p>Otvorenje kulturno-zabavne manifestacije &#8221;Slatinsko ljeto 2013&#8221; odr\u017eat \u0107e se 30. lipnja s po\u010detkom u 18 sati na Trgu svetog Josipa predstavom za djecu i mlade nakon \u010dega \u0107e uslijediti bogati program. I ove godine je organizator i pokrovitelj Turisti\u010dka zajednica grada Slatine, dok su suorganizatori Viroviti\u010dko-podravska \u017eupanija, Grad Slatina i POU Slatina. Tijekom ljetnih mjeseci, na sredi\u0161njem gradskom trgu, odvijat \u0107e se mno\u0161tvo zabavnih sadr\u017eaja, odnosno svake nedjelje od 30. lipnja do 1.rujna 2013. godine. Isto tako, subotom \u0107e se mo\u0107i pogledati filmovi u slatinskom kinu, dok \u0107e nedjeljom vrata Zavi\u010dajnog muzeja biti otvorena od 20 do 22 sata.<\/p>\n<p>Program otvorenja 30.6.2013., nedjelja:<br \/>\n18 sati \u2013 Trg sv.Josipa<br \/>\n&#8211; Predstava za djecu i mlade \u2013 \u201cOd unuka do djeda \u2013 Obiteljska abeceda\u201d \u2013 kazali\u0161te \u0160areni svijet<br \/>\n19 sati \u2013 Trg sv. Josipa<br \/>\n&#8211; Gradska glazba Slatina<br \/>\n20:00 sati \u2013 Trg sv. Josipa<br \/>\n&#8211; slu\u017ebeno otvaranje &#8221;Slatinskog ljeta 2013.&#8221;<br \/>\n&#8211; sve\u010dana podjela Zahvalnica za slatinske sudionike natje\u010daja Hrvatske turisti\u010dke zajednica: \u201cVolim Hrvatsku!\u201d<br \/>\n&#8211; proslava ulaska Republike Hrvatske u Europsku uniju:<br \/>\n&#8211; prijenos koncerata sa HTV-e<br \/>\n&#8211; koncert glazbenog sastava \u201cAURA BAND\u201d iz \u010ca\u010dinaca.<br \/>\n(icv.hr, TZG Slatina)<\/p>\n<p><a href=\"http:\/\/www.slatina.hr\/wp-content\/uploads\/2013\/06\/Slatinsko-ljeto-2013-v4.jpg\"><img loading=\"lazy\" decoding=\"async\" class=\"alignnone size-medium wp-image-4583\" alt=\"Slatinsko ljeto 2013 v4\" src=\"http:\/\/www.slatina.hr\/wp-content\/uploads\/2013\/06\/Slatinsko-ljeto-2013-v4-274x200.jpg\" width=\"274\" height=\"200\" \/><\/a><\/p>\n","protected":false},"excerpt":{"rendered":"<p>Otvorenje kulturno-zabavne manifestacije &#8221;Slatinsko ljeto 2013&#8221; odr\u017eat \u0107e se 30. lipnja s po\u010detkom u 18 sati na Trgu svetog Josipa predstavom za djecu i mlade<span class=\"excerpt-hellip\"> [\u2026]<\/span><\/p>\n","protected":false},"author":1,"featured_media":4582,"comment_status":"closed","ping_status":"closed","sticky":false,"template":"","format":"standard","meta":{"ngg_post_thumbnail":0,"footnotes":""},"categories":[139],"tags":[],"class_list":["post-88904","post","type-post","status-publish","format-standard","has-post-thumbnail","hentry","category-sport-kultura-i-udruge"],"_links":{"self":[{"href":"https:\/\/www.slatina.hr\/portal\/wp-json\/wp\/v2\/posts\/88904","targetHints":{"allow":["GET"]}}],"collection":[{"href":"https:\/\/www.slatina.hr\/portal\/wp-json\/wp\/v2\/posts"}],"about":[{"href":"https:\/\/www.slatina.hr\/portal\/wp-json\/wp\/v2\/types\/post"}],"author":[{"embeddable":true,"href":"https:\/\/www.slatina.hr\/portal\/wp-json\/wp\/v2\/users\/1"}],"replies":[{"embeddable":true,"href":"https:\/\/www.slatina.hr\/portal\/wp-json\/wp\/v2\/comments?post=88904"}],"version-history":[{"count":0,"href":"https:\/\/www.slatina.hr\/portal\/wp-json\/wp\/v2\/posts\/88904\/revisions"}],"wp:featuredmedia":[{"embeddable":true,"href":"https:\/\/www.slatina.hr\/portal\/wp-json\/wp\/v2\/pages\/4582"}],"wp:attachment":[{"href":"https:\/\/www.slatina.hr\/portal\/wp-json\/wp\/v2\/media?parent=88904"}],"wp:term":[{"taxonomy":"category","embeddable":true,"href":"https:\/\/www.slatina.hr\/portal\/wp-json\/wp\/v2\/categories?post=88904"},{"taxonomy":"post_tag","embeddable":true,"href":"https:\/\/www.slatina.hr\/portal\/wp-json\/wp\/v2\/tags?post=88904"}],"curies":[{"name":"wp","href":"https:\/\/api.w.org\/{rel}","templated":true}]}}