{"id":88836,"date":"2019-01-06T09:31:34","date_gmt":"2019-01-06T08:31:34","guid":{"rendered":"http:\/\/www.slatina.hr\/?p=88836"},"modified":"2019-01-06T09:31:34","modified_gmt":"2019-01-06T08:31:34","slug":"cestitka-gradonacelnika-u-povodu-pravoslavnog-bozica","status":"publish","type":"post","link":"https:\/\/www.slatina.hr\/portal\/cestitka-gradonacelnika-u-povodu-pravoslavnog-bozica\/","title":{"rendered":"\u010cestitka gradona\u010delnika u povodu pravoslavnog Bo\u017ei\u0107a"},"content":{"rendered":"<p>U povodu pravoslavnog Bo\u017ei\u0107a gradona\u010delnik grada Slatine Denis Ostro\u0161i\u0107 uputio je \u010destitku svim sugra\u0111anima pravoslavne vjeroispovijesti:<\/p>\n<p>Puni nade i uvjerenja ulazimo u novu godinu sa \u017eeljom da se nastavi sve \u0161to je bilo lijepo i dobro i da svu snagu usmjerimo prema boljitku na\u0161ega Grada.<br \/>\nBo\u017ei\u0107ni blagdani vrijeme su obiteljskog okupljanja i prijateljskih susreta. U ove blagdanske dane pozvani smo \u017eivjeti u duhu povjerenja i me\u0111usobnog uva\u017eavanja, pozvani smo na solidarnost, razumijevanje, dobrotu i ljubav.<br \/>\nS tom nadom i vjerom svim gra\u0111anima pravoslavne vjeroispovijesti i ljudima dobre volje, u ime Grada Slatine, svojih zamjenika, suradnika i u svoje osobno ime, \u017eelim blagoslovljen Bo\u017ei\u0107 uz obilje mira, zdravlja i zadovoljstva, te puno sre\u0107e i poslovnog uspjeha u 2019. godini!<\/p>\n<p>Mir Bo\u017eji, Hristos se rodi!<\/p>\n<p>&nbsp;&nbsp;&nbsp;&nbsp;&nbsp;&nbsp;&nbsp;&nbsp;&nbsp;&nbsp;&nbsp;&nbsp;&nbsp;&nbsp;&nbsp;&nbsp;&nbsp;&nbsp;&nbsp;&nbsp;&nbsp;&nbsp;&nbsp;&nbsp;&nbsp;&nbsp;&nbsp;&nbsp;&nbsp;&nbsp;&nbsp;&nbsp;&nbsp;&nbsp;&nbsp;&nbsp;&nbsp;&nbsp;&nbsp;&nbsp;&nbsp;&nbsp;&nbsp;&nbsp;&nbsp;&nbsp;&nbsp;&nbsp;&nbsp;&nbsp;&nbsp;&nbsp;&nbsp;&nbsp;&nbsp;&nbsp;&nbsp;&nbsp;&nbsp;&nbsp;&nbsp;&nbsp;&nbsp;&nbsp;&nbsp;&nbsp;&nbsp;&nbsp; Va\u0161 gradona\u010delnik<br \/>\n&nbsp;&nbsp;&nbsp;&nbsp;&nbsp;&nbsp;&nbsp;&nbsp;&nbsp;&nbsp;&nbsp;&nbsp;&nbsp;&nbsp;&nbsp;&nbsp;&nbsp;&nbsp;&nbsp;&nbsp;&nbsp;&nbsp;&nbsp;&nbsp;&nbsp;&nbsp;&nbsp;&nbsp; &nbsp;&nbsp;&nbsp;&nbsp;&nbsp;&nbsp;&nbsp;&nbsp;&nbsp;&nbsp;&nbsp;&nbsp;&nbsp;&nbsp;&nbsp;&nbsp;&nbsp;&nbsp;&nbsp;&nbsp;&nbsp;&nbsp;&nbsp;&nbsp;&nbsp;&nbsp;&nbsp;&nbsp;&nbsp;&nbsp;&nbsp;&nbsp;&nbsp;&nbsp;&nbsp;&nbsp;&nbsp;&nbsp;&nbsp;&nbsp;&nbsp;&nbsp;&nbsp;Denis Ostro\u0161i\u0107<\/p>\n","protected":false},"excerpt":{"rendered":"<p>U povodu pravoslavnog Bo\u017ei\u0107a gradona\u010delnik grada Slatine Denis Ostro\u0161i\u0107 uputio je \u010destitku svim sugra\u0111anima pravoslavne vjeroispovijesti: Puni nade i uvjerenja ulazimo u novu godinu sa<span class=\"excerpt-hellip\"> [\u2026]<\/span><\/p>\n","protected":false},"author":5,"featured_media":88838,"comment_status":"closed","ping_status":"closed","sticky":false,"template":"","format":"standard","meta":{"ngg_post_thumbnail":0,"footnotes":""},"categories":[136,137],"tags":[],"class_list":["post-88836","post","type-post","status-publish","format-standard","has-post-thumbnail","hentry","category-grad-slatina","category-naslovnica"],"_links":{"self":[{"href":"https:\/\/www.slatina.hr\/portal\/wp-json\/wp\/v2\/posts\/88836","targetHints":{"allow":["GET"]}}],"collection":[{"href":"https:\/\/www.slatina.hr\/portal\/wp-json\/wp\/v2\/posts"}],"about":[{"href":"https:\/\/www.slatina.hr\/portal\/wp-json\/wp\/v2\/types\/post"}],"author":[{"embeddable":true,"href":"https:\/\/www.slatina.hr\/portal\/wp-json\/wp\/v2\/users\/5"}],"replies":[{"embeddable":true,"href":"https:\/\/www.slatina.hr\/portal\/wp-json\/wp\/v2\/comments?post=88836"}],"version-history":[{"count":0,"href":"https:\/\/www.slatina.hr\/portal\/wp-json\/wp\/v2\/posts\/88836\/revisions"}],"wp:featuredmedia":[{"embeddable":true,"href":"https:\/\/www.slatina.hr\/portal\/wp-json\/wp\/v2\/media\/88838"}],"wp:attachment":[{"href":"https:\/\/www.slatina.hr\/portal\/wp-json\/wp\/v2\/media?parent=88836"}],"wp:term":[{"taxonomy":"category","embeddable":true,"href":"https:\/\/www.slatina.hr\/portal\/wp-json\/wp\/v2\/categories?post=88836"},{"taxonomy":"post_tag","embeddable":true,"href":"https:\/\/www.slatina.hr\/portal\/wp-json\/wp\/v2\/tags?post=88836"}],"curies":[{"name":"wp","href":"https:\/\/api.w.org\/{rel}","templated":true}]}}