{"id":88165,"date":"2018-12-20T15:36:49","date_gmt":"2018-12-20T14:36:49","guid":{"rendered":"http:\/\/www.slatina.hr\/?p=88165"},"modified":"2018-12-20T15:36:49","modified_gmt":"2018-12-20T14:36:49","slug":"otvorenje-oftalmoloske-ambulante-u-slatini-ocekuje-se-pocetkom-2019","status":"publish","type":"post","link":"https:\/\/www.slatina.hr\/portal\/otvorenje-oftalmoloske-ambulante-u-slatini-ocekuje-se-pocetkom-2019\/","title":{"rendered":"Otvorenje oftalmolo\u0161ke ambulante u Slatini o\u010dekuje se po\u010detkom 2019."},"content":{"rendered":"<p>Tijekom dana\u0161njeg posjeta Domu zdravlja u Slatini, gradona\u010delnik Grada Slatine Denis Ostro\u0161i\u0107, dogradona\u010delnik Bojan Plantak i pro\u010delnik Stru\u010dne slu\u017ebe Krunoslav \u0160arabok obi\u0161li su u pratnji&nbsp; dr. Ivice Foteza ordinaciju budu\u0107e oftalmologije.<\/p>\n<p><em>\u201eZahvaljuju\u0107i izvrsnoj suradnji s Gradom Slatinom&nbsp; osigurana su sredstva za dolazak specijalista iz Op\u0107e bolnice Virovitica za ultrazvuk trbuha, mi\u0161i\u0107a, odnosno \u0161titnja\u010de, kao i urologa koji dolazi redovito unazad dvije godine.<br \/>\nNa takvom dobrom tragu, a zbog jako lo\u0161e prometne povezanosti izme\u0111u Slatine, posebice prigradskih naselja i Virovitice, \u0161to ote\u017eava kvalitetno zbrinjavanje pacijenata isto tako u suradnji s Gradom Slatinom te uz odobrenje ravnatelja Op\u0107e bolnice Virovitica Dinka Bla\u017eevi\u0107a, Dom zdravlja je uspio dovesti i nove specijaliste oftalmologe, koji su jako potrebni na ovom podru\u010dju zbog velikih lista \u010dekanja u viroviti\u010dkoj bolnici.\u201c<\/em> \u2013 rekao je dr. Fotez te dodao: \u201e<em>Lije\u010dnik treba i\u0107i narodu, a ne obrnuto, tako da \u0107emo mi ovdje dovesti dvije jako dobre specijalistice iz viroviti\u010dke bolnice, koje su se za sada obvezale da \u0107e u Slatinu dolaziti subotom, a ako se uka\u017ee potreba i u skladu s njihovim rasporedom dogovorit \u0107e se termini i preko tjedna.\u201c <\/em><\/p>\n<p>Ambulanta za oftalmologiju u Slatini radit \u0107e na primarnoj razini \u0161to uklju\u010duje pregled o\u010dne pozadine i sve manje zahvate koji se mogu napraviti ambulantno, dok \u0107e se slo\u017eeniji zahvati i dalje raditi u bolnici.<\/p>\n<p>Dom zdravlja u Slatini svojedobno je imao oftalmolo\u0161ku opremu koju je stjecajem okolnosti ustupio na kori\u0161tenje viroviti\u010dkoj bolnici.<br \/>\nBudu\u0107i da je ta oprema sada za otpis, Grad Slatina je osigurao sredstva za nabavu nove opreme, kako oftalmolo\u0161kih aparata tako i informati\u010dke opreme i uredskog inventara, te \u0107e oftalmolo\u0161ka ambulanta u Slatini biti opremljena zavidnom razinom vrlo kvalitetne opreme koja \u0107e biti, prema rije\u010dima dr. Foteza, bolja i od one kojom trenutno raspola\u017ee viroviti\u010dka bolnica.<\/p>\n<p>Prvi kontakti vezani za ovaj projekt izme\u0111u Grada Slatine i Doma zdravlja ostvareni su prije nekih mjesec dana, a ambulanta bi mogla zapo\u010deti s radom ve\u0107 po\u010detkom 2019. godine.<\/p>\n<p><em>\u201eBudu\u0107i su od po\u010detka mandata gradski vije\u0107nici inzistirali na pove\u0107anju kvalitete zdravstvene skrbi za gra\u0111ane grada Slatine i prigradskih naselja, uz kvalitetnu suradnju s dr. Fotezom i Domom zdravlja&nbsp; te Viroviti\u010dko-podravskom \u017eupanijom kroz&nbsp; zajedni\u010dke projekte, Grad Slatina je i ovu inicijativu otvaranja oftalmolo\u0161ke ambulante u Slatini prihvatio i zapo\u010deo s realizacijom. Tako \u0107emo od sije\u010dnja idu\u0107e godine u Slatini imati jo\u0161 jednu specijalisti\u010dku ponudu, te se nadam da \u0107emo ostvariti i suradnju sa susjednim op\u0107inama koje bi participiraju\u0107i u ovom projektu osigurale specijalisti\u010dke preglede oftalmologa i za svoje mje\u0161tane.<br \/>\nZajedni\u010dka suradnja i op\u0107a briga za ljude koji trebaju pomo\u0107, treba biti op\u0107i interes koji \u0107e vjerujem svi prepoznati.\u201c<\/em> \u2013 rekao je gradona\u010delnik Ostro\u0161i\u0107.<br \/>\n(www.radioslatina.hr)<\/p>\nngg_shortcode_0_placeholder\n","protected":false},"excerpt":{"rendered":"<p>Tijekom dana\u0161njeg posjeta Domu zdravlja u Slatini, gradona\u010delnik Grada Slatine Denis Ostro\u0161i\u0107, dogradona\u010delnik Bojan Plantak i pro\u010delnik Stru\u010dne slu\u017ebe Krunoslav \u0160arabok obi\u0161li su u pratnji&nbsp;<span class=\"excerpt-hellip\"> [\u2026]<\/span><\/p>\n","protected":false},"author":5,"featured_media":88171,"comment_status":"closed","ping_status":"closed","sticky":false,"template":"","format":"standard","meta":{"ngg_post_thumbnail":0,"footnotes":""},"categories":[136,137],"tags":[],"class_list":["post-88165","post","type-post","status-publish","format-standard","has-post-thumbnail","hentry","category-grad-slatina","category-naslovnica"],"_links":{"self":[{"href":"https:\/\/www.slatina.hr\/portal\/wp-json\/wp\/v2\/posts\/88165","targetHints":{"allow":["GET"]}}],"collection":[{"href":"https:\/\/www.slatina.hr\/portal\/wp-json\/wp\/v2\/posts"}],"about":[{"href":"https:\/\/www.slatina.hr\/portal\/wp-json\/wp\/v2\/types\/post"}],"author":[{"embeddable":true,"href":"https:\/\/www.slatina.hr\/portal\/wp-json\/wp\/v2\/users\/5"}],"replies":[{"embeddable":true,"href":"https:\/\/www.slatina.hr\/portal\/wp-json\/wp\/v2\/comments?post=88165"}],"version-history":[{"count":0,"href":"https:\/\/www.slatina.hr\/portal\/wp-json\/wp\/v2\/posts\/88165\/revisions"}],"wp:featuredmedia":[{"embeddable":true,"href":"https:\/\/www.slatina.hr\/portal\/wp-json\/wp\/v2\/media\/88171"}],"wp:attachment":[{"href":"https:\/\/www.slatina.hr\/portal\/wp-json\/wp\/v2\/media?parent=88165"}],"wp:term":[{"taxonomy":"category","embeddable":true,"href":"https:\/\/www.slatina.hr\/portal\/wp-json\/wp\/v2\/categories?post=88165"},{"taxonomy":"post_tag","embeddable":true,"href":"https:\/\/www.slatina.hr\/portal\/wp-json\/wp\/v2\/tags?post=88165"}],"curies":[{"name":"wp","href":"https:\/\/api.w.org\/{rel}","templated":true}]}}