{"id":86888,"date":"2018-11-14T14:25:35","date_gmt":"2018-11-14T13:25:35","guid":{"rendered":"http:\/\/www.slatina.hr\/?p=86888"},"modified":"2018-11-14T14:25:35","modified_gmt":"2018-11-14T13:25:35","slug":"grad-slatina-i-slatinska-turisticka-zajednica-sudjelovali-na-konferenciji-sustav-turistickih-zajednica-21-stoljeca","status":"publish","type":"post","link":"https:\/\/www.slatina.hr\/portal\/grad-slatina-i-slatinska-turisticka-zajednica-sudjelovali-na-konferenciji-sustav-turistickih-zajednica-21-stoljeca\/","title":{"rendered":"Grad Slatina i slatinska Turisti\u010dka zajednica sudjelovali na konferenciji \u201cSustav turisti\u010dkih zajednica 21. stolje\u0107a\u201d"},"content":{"rendered":"<p>Ju\u010der je u Smaragdnoj dvorani hotela Esplanade u Zagrebu odr\u017eana velika konferencija Jutarnjeg lista pod nazivom \u201cSustav turisti\u010dkih zajednica 21. stolje\u0107a\u201d na kojoj su se okupili eminentni predstavnici doma\u0107eg turizma \u2013 znanstvenici, konzultanti, predstavnici zakonodavstva i djelatnici turisti\u010dkih zajednica, kao i gradona\u010delnici 10-ak hrvatskih gradova.<br \/>\nGrad Slatinu, na konferenciji koju je otvorio gradona\u010delnik Zagreba Milan Bandi\u0107, predstavljali su gradona\u010delnik Denis Ostro\u0161i\u0107 i direktorica Turisti\u010dke zajednice grada Slatine Vanja Lazi\u0107.<\/p>\n<p>Cilj konferencije bio je potaknuti javnu raspravu o novom Zakonu o turisti\u010dkim zajednicama na kojoj su vode\u0107i ljudi iz sektora predstavili najavljene promjene, a rasprava je izme\u0111u ostaloga odr\u017eana kroz dva panela, \u201e\u0160to nacionalne turisti\u010dke zajednice trebaju raditi\u201c i \u201cSustavi TZ-ova\u201d.<\/p>\n<p>Sudionici konferencije govorili su o svojim iskustvima rukovo\u0111enja lokalnim i \u017eupanijskim turisti\u010dkim organizacijama, ali i o najavljenim promjenama s naglaskom na razvoju turisti\u010dkog proizvoda, ali i stvaranju novih motiva za dolazak gostiju.<br \/>\nIsto tako predstavljeni su svi noviteti koje donosi paket turisti\u010dkih zakona, a me\u0111u kojima su obveze smanjenja rashoda TZ-ova, prvenstveno onih koje se odnose na pla\u0107e djelatnika, decentralizaciju sustava, ali i izmjene u na\u010dinu raspodjele novca koji se godi\u0161nje prikupi od turisti\u010dke pristojbe.<\/p>\n<p>Zavr\u0161nu rije\u010d dao je ministar turizma Gari Cappelli koji se osvrnuo na cjelodnevni rad, izlaganja predava\u010da i panelista te zaklju\u010dio da su novi turisti\u010dki zakoni preduvjet za stvaranje novog i konkurentnog identiteta Hrvatske.<strong><br \/>\n<\/strong>(www.radioslatina.hr)<\/p>\n\n\t\t\t<style type='text\/css'>\n\t\t\t\t#sc_gallery-1 {\n\t\t\t\t\tmargin: auto;\n\t\t\t\t}\n\t\t\t\t#sc_gallery-1 .gallery-item {\n\t\t\t\t\tfloat: left;\n\t\t\t\t\ttext-align: center;\n\t\t\t\t\twidth: 24.99%;\n\t\t\t\t}\n\t\t\t\t#sc_gallery-1 img {\n\t\t\t\t\tborder: 2px solid #cfcfcf;\n\t\t\t\t}\n\t\t\t\t\/* see sc_gallery() in functions\/theme-shortcodes.php *\/\n\t\t\t<\/style>\n\t\t<div id='sc_gallery-1' class='gallery galleryid-86888 gallery-columns-4 gallery-size-thumbnail file element_classes gallery-default'><dl class='gallery-item'  data-title='IMG_20181113_102041_1024_768' data-description=''><div class='gallery-item-wrapper'>\n\t\t\t\t<dt class='gallery-icon landscape'>\n\t\t\t\t\t<a href='https:\/\/www.slatina.hr\/portal\/wp-content\/uploads\/2018\/11\/IMG_20181113_102041_1024_768.jpg'><img loading=\"lazy\" decoding=\"async\" width=\"130\" height=\"130\" src=\"https:\/\/www.slatina.hr\/portal\/wp-content\/uploads\/2018\/11\/IMG_20181113_102041_1024_768-150x150.jpg\" class=\"attachment-thumbnail size-thumbnail\" alt=\"\" srcset=\"https:\/\/www.slatina.hr\/portal\/wp-content\/uploads\/2018\/11\/IMG_20181113_102041_1024_768-150x150.jpg 150w, https:\/\/www.slatina.hr\/portal\/wp-content\/uploads\/2018\/11\/IMG_20181113_102041_1024_768-85x85.jpg 85w, https:\/\/www.slatina.hr\/portal\/wp-content\/uploads\/2018\/11\/IMG_20181113_102041_1024_768-80x80.jpg 80w, https:\/\/www.slatina.hr\/portal\/wp-content\/uploads\/2018\/11\/IMG_20181113_102041_1024_768-768x768.jpg 768w\" sizes=\"auto, (max-width:767px) 130px, 130px\" \/><\/a>\n\t\t\t\t<\/dt><\/div><\/dl>\n\t\t\t\t<br style='clear: both' \/>\n\t\t\t<\/div>\n\n","protected":false},"excerpt":{"rendered":"<p>Ju\u010der je u Smaragdnoj dvorani hotela Esplanade u Zagrebu odr\u017eana velika konferencija Jutarnjeg lista pod nazivom \u201cSustav turisti\u010dkih zajednica 21. stolje\u0107a\u201d na kojoj su se<span class=\"excerpt-hellip\"> [\u2026]<\/span><\/p>\n","protected":false},"author":5,"featured_media":86891,"comment_status":"closed","ping_status":"closed","sticky":false,"template":"","format":"standard","meta":{"ngg_post_thumbnail":0,"footnotes":""},"categories":[136,137],"tags":[],"class_list":["post-86888","post","type-post","status-publish","format-standard","has-post-thumbnail","hentry","category-grad-slatina","category-naslovnica"],"_links":{"self":[{"href":"https:\/\/www.slatina.hr\/portal\/wp-json\/wp\/v2\/posts\/86888","targetHints":{"allow":["GET"]}}],"collection":[{"href":"https:\/\/www.slatina.hr\/portal\/wp-json\/wp\/v2\/posts"}],"about":[{"href":"https:\/\/www.slatina.hr\/portal\/wp-json\/wp\/v2\/types\/post"}],"author":[{"embeddable":true,"href":"https:\/\/www.slatina.hr\/portal\/wp-json\/wp\/v2\/users\/5"}],"replies":[{"embeddable":true,"href":"https:\/\/www.slatina.hr\/portal\/wp-json\/wp\/v2\/comments?post=86888"}],"version-history":[{"count":0,"href":"https:\/\/www.slatina.hr\/portal\/wp-json\/wp\/v2\/posts\/86888\/revisions"}],"wp:featuredmedia":[{"embeddable":true,"href":"https:\/\/www.slatina.hr\/portal\/wp-json\/wp\/v2\/media\/86891"}],"wp:attachment":[{"href":"https:\/\/www.slatina.hr\/portal\/wp-json\/wp\/v2\/media?parent=86888"}],"wp:term":[{"taxonomy":"category","embeddable":true,"href":"https:\/\/www.slatina.hr\/portal\/wp-json\/wp\/v2\/categories?post=86888"},{"taxonomy":"post_tag","embeddable":true,"href":"https:\/\/www.slatina.hr\/portal\/wp-json\/wp\/v2\/tags?post=86888"}],"curies":[{"name":"wp","href":"https:\/\/api.w.org\/{rel}","templated":true}]}}