{"id":86876,"date":"2018-11-13T21:33:46","date_gmt":"2018-11-13T20:33:46","guid":{"rendered":"http:\/\/www.slatina.hr\/?p=86876"},"modified":"2018-11-13T21:33:46","modified_gmt":"2018-11-13T20:33:46","slug":"u-tijeku-pripreme-za-obiljezavanje-100-godina-nogometnog-kluba-slatina","status":"publish","type":"post","link":"https:\/\/www.slatina.hr\/portal\/u-tijeku-pripreme-za-obiljezavanje-100-godina-nogometnog-kluba-slatina\/","title":{"rendered":"U tijeku pripreme za obilje\u017eavanje 100 godina Nogometnog kluba Slatina"},"content":{"rendered":"<p>Danas je u Gradskoj upravi odr\u017ean jo\u0161 jedan radni sastanak Organizacijskog odbora obilje\u017eavanja 100 godina NK Slatina na kojemu su prisustvovali pro\u010delnik Stru\u010dne slu\u017ebe Grada Slatine Krunoslav \u0160arabok, predsjednik NK Slatina Vlado Me\u0111umurac, dopredsjednik NK Slatina Miran Jane\u010di\u0107, tajnik kluba i predsjednik \u0160kole nogometa Slatina Ilija Nikoli\u0107, tajnik Saveza sportskih udruga grada Slatine \u017deljko Stipani\u0107, predsjednik Zajednice \u0161portskih udruga Slatine Davor Butorac, kustos Zavi\u010dajnog muzeja Slatina Sr\u0111an \u0110uri\u010di\u0107 i vlasnik Felbar studia \u017deljko Felbar.<\/p>\n<p>Kako je dogovoreno na pro\u0161lom sastanku program obilje\u017eavanja ove velike obljetnice odvijat \u0107e se kroz cijelu idu\u0107u godinu, a na dana\u0161njem sastanku sudionici su iznijeli informacije vezane za pripreme.<br \/>\nKao najve\u0107i problem istaknut je nedostatak materijala za izradu monografije i postavljanje izlo\u017ebe, stoga su iz Organizacijskog odbora obilje\u017eavanja 100 godina NK Slatina uputili poziv svim biv\u0161im i sada\u0161njim igra\u010dima, navija\u010dima, simpatizerima, \u010dlanovima uprave, tehni\u010dkom osoblju i prijateljima NK Slatina da se odazovu javnom pozivu za prikupljanje materijala.<\/p>\n<p><em>\u201eUkoliko posjedujete fotografije, dresove, \u0161portsku opremu, plakate, dokumente, navija\u010dke rekvizite, \u010dlanske iskaznice, ulaznice&#8230; ili bilo kakvu drugu memorabiliju koja je vezana uz stoljetnu povijest NK Slatina, molimo Vas da nam istu privremeno ustupite kako bi monografija i izlo\u017eba bile \u0161to bogatije sadr\u017eajem.<br \/>\nSvoje materijale mo\u017eete donijeti svaki radni dan u prostor Zavi\u010dajnog muzeja Slatina, od 7 do 15 sati u Ulici Ante Kova\u010di\u0107a broj 1.<br \/>\nUkoliko niste u mogu\u0107nosti osobno do\u0107i u Zavi\u010dajni muzej, trebate dodatne informacije ili \u017eelite neka svoja sje\u0107anja o NK Slatini podijeliti s nama, kako bi na\u0161la mjesto u monografiji, slobodno nas kontaktirajte na broj mobitela 091\/472-1101.\u201c<\/em> \u2013 istaknuli su \u010dlanovi Organizacijskog odbora obilje\u017eavanja 100 godina NK Slatina.<br \/>\n(www.radioslatina.hr)<\/p>\n\n\t\t\t<style type='text\/css'>\n\t\t\t\t#sc_gallery-1 {\n\t\t\t\t\tmargin: auto;\n\t\t\t\t}\n\t\t\t\t#sc_gallery-1 .gallery-item {\n\t\t\t\t\tfloat: left;\n\t\t\t\t\ttext-align: center;\n\t\t\t\t\twidth: 24.99%;\n\t\t\t\t}\n\t\t\t\t#sc_gallery-1 img {\n\t\t\t\t\tborder: 2px solid #cfcfcf;\n\t\t\t\t}\n\t\t\t\t\/* see sc_gallery() in functions\/theme-shortcodes.php *\/\n\t\t\t<\/style>\n\t\t<div id='sc_gallery-1' class='gallery galleryid-86876 gallery-columns-4 gallery-size-thumbnail file element_classes gallery-default'><dl class='gallery-item'  data-title='dav' data-description=''><div class='gallery-item-wrapper'>\n\t\t\t\t<dt class='gallery-icon landscape'>\n\t\t\t\t\t<a href='https:\/\/www.slatina.hr\/portal\/wp-content\/uploads\/2018\/11\/IMG_20181113_080710_1024_768.jpg'><img loading=\"lazy\" decoding=\"async\" width=\"130\" height=\"130\" src=\"https:\/\/www.slatina.hr\/portal\/wp-content\/uploads\/2018\/11\/IMG_20181113_080710_1024_768-150x150.jpg\" class=\"attachment-thumbnail size-thumbnail\" alt=\"\" srcset=\"https:\/\/www.slatina.hr\/portal\/wp-content\/uploads\/2018\/11\/IMG_20181113_080710_1024_768-150x150.jpg 150w, https:\/\/www.slatina.hr\/portal\/wp-content\/uploads\/2018\/11\/IMG_20181113_080710_1024_768-85x85.jpg 85w, https:\/\/www.slatina.hr\/portal\/wp-content\/uploads\/2018\/11\/IMG_20181113_080710_1024_768-80x80.jpg 80w, https:\/\/www.slatina.hr\/portal\/wp-content\/uploads\/2018\/11\/IMG_20181113_080710_1024_768-768x768.jpg 768w\" sizes=\"auto, (max-width:767px) 130px, 130px\" \/><\/a>\n\t\t\t\t<\/dt><\/div><\/dl><dl class='gallery-item'  data-title='dav' data-description=''><div class='gallery-item-wrapper'>\n\t\t\t\t<dt class='gallery-icon landscape'>\n\t\t\t\t\t<a href='https:\/\/www.slatina.hr\/portal\/wp-content\/uploads\/2018\/11\/IMG_20181113_080717_1024_768.jpg'><img loading=\"lazy\" decoding=\"async\" width=\"130\" height=\"130\" src=\"https:\/\/www.slatina.hr\/portal\/wp-content\/uploads\/2018\/11\/IMG_20181113_080717_1024_768-150x150.jpg\" class=\"attachment-thumbnail size-thumbnail\" alt=\"\" srcset=\"https:\/\/www.slatina.hr\/portal\/wp-content\/uploads\/2018\/11\/IMG_20181113_080717_1024_768-150x150.jpg 150w, https:\/\/www.slatina.hr\/portal\/wp-content\/uploads\/2018\/11\/IMG_20181113_080717_1024_768-85x85.jpg 85w, https:\/\/www.slatina.hr\/portal\/wp-content\/uploads\/2018\/11\/IMG_20181113_080717_1024_768-80x80.jpg 80w, https:\/\/www.slatina.hr\/portal\/wp-content\/uploads\/2018\/11\/IMG_20181113_080717_1024_768-768x768.jpg 768w\" sizes=\"auto, (max-width:767px) 130px, 130px\" \/><\/a>\n\t\t\t\t<\/dt><\/div><\/dl><dl class='gallery-item'  data-title='dav' data-description=''><div class='gallery-item-wrapper'>\n\t\t\t\t<dt class='gallery-icon landscape'>\n\t\t\t\t\t<a href='https:\/\/www.slatina.hr\/portal\/wp-content\/uploads\/2018\/11\/IMG_20181113_080836_1024_768.jpg'><img loading=\"lazy\" decoding=\"async\" width=\"130\" height=\"130\" src=\"https:\/\/www.slatina.hr\/portal\/wp-content\/uploads\/2018\/11\/IMG_20181113_080836_1024_768-150x150.jpg\" class=\"attachment-thumbnail size-thumbnail\" alt=\"\" srcset=\"https:\/\/www.slatina.hr\/portal\/wp-content\/uploads\/2018\/11\/IMG_20181113_080836_1024_768-150x150.jpg 150w, https:\/\/www.slatina.hr\/portal\/wp-content\/uploads\/2018\/11\/IMG_20181113_080836_1024_768-85x85.jpg 85w, https:\/\/www.slatina.hr\/portal\/wp-content\/uploads\/2018\/11\/IMG_20181113_080836_1024_768-80x80.jpg 80w, https:\/\/www.slatina.hr\/portal\/wp-content\/uploads\/2018\/11\/IMG_20181113_080836_1024_768-768x768.jpg 768w\" sizes=\"auto, (max-width:767px) 130px, 130px\" \/><\/a>\n\t\t\t\t<\/dt><\/div><\/dl>\n\t\t\t\t<br style='clear: both' \/>\n\t\t\t<\/div>\n\n","protected":false},"excerpt":{"rendered":"<p>Danas je u Gradskoj upravi odr\u017ean jo\u0161 jedan radni sastanak Organizacijskog odbora obilje\u017eavanja 100 godina NK Slatina na kojemu su prisustvovali pro\u010delnik Stru\u010dne slu\u017ebe Grada<span class=\"excerpt-hellip\"> [\u2026]<\/span><\/p>\n","protected":false},"author":5,"featured_media":86881,"comment_status":"closed","ping_status":"closed","sticky":false,"template":"","format":"standard","meta":{"ngg_post_thumbnail":0,"footnotes":""},"categories":[137,139],"tags":[],"class_list":["post-86876","post","type-post","status-publish","format-standard","has-post-thumbnail","hentry","category-naslovnica","category-sport-kultura-i-udruge"],"_links":{"self":[{"href":"https:\/\/www.slatina.hr\/portal\/wp-json\/wp\/v2\/posts\/86876","targetHints":{"allow":["GET"]}}],"collection":[{"href":"https:\/\/www.slatina.hr\/portal\/wp-json\/wp\/v2\/posts"}],"about":[{"href":"https:\/\/www.slatina.hr\/portal\/wp-json\/wp\/v2\/types\/post"}],"author":[{"embeddable":true,"href":"https:\/\/www.slatina.hr\/portal\/wp-json\/wp\/v2\/users\/5"}],"replies":[{"embeddable":true,"href":"https:\/\/www.slatina.hr\/portal\/wp-json\/wp\/v2\/comments?post=86876"}],"version-history":[{"count":0,"href":"https:\/\/www.slatina.hr\/portal\/wp-json\/wp\/v2\/posts\/86876\/revisions"}],"wp:featuredmedia":[{"embeddable":true,"href":"https:\/\/www.slatina.hr\/portal\/wp-json\/wp\/v2\/media\/86881"}],"wp:attachment":[{"href":"https:\/\/www.slatina.hr\/portal\/wp-json\/wp\/v2\/media?parent=86876"}],"wp:term":[{"taxonomy":"category","embeddable":true,"href":"https:\/\/www.slatina.hr\/portal\/wp-json\/wp\/v2\/categories?post=86876"},{"taxonomy":"post_tag","embeddable":true,"href":"https:\/\/www.slatina.hr\/portal\/wp-json\/wp\/v2\/tags?post=86876"}],"curies":[{"name":"wp","href":"https:\/\/api.w.org\/{rel}","templated":true}]}}