{"id":86516,"date":"2018-11-05T11:50:47","date_gmt":"2018-11-05T10:50:47","guid":{"rendered":"http:\/\/www.slatina.hr\/?p=86516"},"modified":"2018-11-05T11:50:47","modified_gmt":"2018-11-05T10:50:47","slug":"predsjednik-gv-grada-slatine-dario-vrbaslija-sazvao-izvanrednu-sjednicu-gradskog-vijeca-za-subotu-10-studenog","status":"publish","type":"post","link":"https:\/\/www.slatina.hr\/portal\/predsjednik-gv-grada-slatine-dario-vrbaslija-sazvao-izvanrednu-sjednicu-gradskog-vijeca-za-subotu-10-studenog\/","title":{"rendered":"Predsjednik GV Grada Slatine Dario Vrbaslija sazvao izvanrednu sjednicu Gradskog vije\u0107a za subotu 10. studenog"},"content":{"rendered":"<p>Predsjednik Gradskog vije\u0107a Grada Slatine Dario Vrbaslija sazvao je izvanrednu sjednicu Gradskog vije\u0107a koja \u0107e se odr\u017eati u subotu 10. studenog 2018. godine s po\u010detkom u 10,00 sati u&nbsp;velikoj dvorani Hrvatskog doma u Slatini, Ulica B. Radi\u0107 4.<br \/>\nZa sjednicu je predlo\u017een Dnevni red na kojemu se nalazi samo jedna to\u010dka:<\/p>\n<ol>\n<li><strong>Razmatranje prijedloga i dono\u0161enje Odluke o otpisu dugova fizi\u010dkim osobama.<\/strong><\/li>\n<\/ol>\n<p><strong>&nbsp;<\/strong><\/p>\n<p>&nbsp;<\/p>\n","protected":false},"excerpt":{"rendered":"<p>Predsjednik Gradskog vije\u0107a Grada Slatine Dario Vrbaslija sazvao je izvanrednu sjednicu Gradskog vije\u0107a koja \u0107e se odr\u017eati u subotu 10. studenog 2018. godine s po\u010detkom<span class=\"excerpt-hellip\"> [\u2026]<\/span><\/p>\n","protected":false},"author":5,"featured_media":86518,"comment_status":"closed","ping_status":"closed","sticky":false,"template":"","format":"standard","meta":{"ngg_post_thumbnail":0,"footnotes":""},"categories":[136,137],"tags":[],"class_list":["post-86516","post","type-post","status-publish","format-standard","has-post-thumbnail","hentry","category-grad-slatina","category-naslovnica"],"_links":{"self":[{"href":"https:\/\/www.slatina.hr\/portal\/wp-json\/wp\/v2\/posts\/86516","targetHints":{"allow":["GET"]}}],"collection":[{"href":"https:\/\/www.slatina.hr\/portal\/wp-json\/wp\/v2\/posts"}],"about":[{"href":"https:\/\/www.slatina.hr\/portal\/wp-json\/wp\/v2\/types\/post"}],"author":[{"embeddable":true,"href":"https:\/\/www.slatina.hr\/portal\/wp-json\/wp\/v2\/users\/5"}],"replies":[{"embeddable":true,"href":"https:\/\/www.slatina.hr\/portal\/wp-json\/wp\/v2\/comments?post=86516"}],"version-history":[{"count":0,"href":"https:\/\/www.slatina.hr\/portal\/wp-json\/wp\/v2\/posts\/86516\/revisions"}],"wp:featuredmedia":[{"embeddable":true,"href":"https:\/\/www.slatina.hr\/portal\/wp-json\/wp\/v2\/media\/86518"}],"wp:attachment":[{"href":"https:\/\/www.slatina.hr\/portal\/wp-json\/wp\/v2\/media?parent=86516"}],"wp:term":[{"taxonomy":"category","embeddable":true,"href":"https:\/\/www.slatina.hr\/portal\/wp-json\/wp\/v2\/categories?post=86516"},{"taxonomy":"post_tag","embeddable":true,"href":"https:\/\/www.slatina.hr\/portal\/wp-json\/wp\/v2\/tags?post=86516"}],"curies":[{"name":"wp","href":"https:\/\/api.w.org\/{rel}","templated":true}]}}