{"id":86161,"date":"2018-10-30T14:15:19","date_gmt":"2018-10-30T13:15:19","guid":{"rendered":"http:\/\/www.slatina.hr\/?p=86161"},"modified":"2018-10-30T14:15:19","modified_gmt":"2018-10-30T13:15:19","slug":"arhitektonski-fakultet-sveucilista-u-zagrebu-upisuje-i-generaciju-studenata-na-poslijediplomski-specijalisticki-studij-arhitektura-i-urbanizam","status":"publish","type":"post","link":"https:\/\/www.slatina.hr\/portal\/arhitektonski-fakultet-sveucilista-u-zagrebu-upisuje-i-generaciju-studenata-na-poslijediplomski-specijalisticki-studij-arhitektura-i-urbanizam\/","title":{"rendered":"Arhitektonski fakultet Sveu\u010dili\u0161ta u Zagrebu upisuje I. generaciju studenata na Poslijediplomski specijalisti\u010dki studij Arhitektura i urbanizam"},"content":{"rendered":"<p>Arhitektonski fakultet Sveu\u010dili\u0161ta u Zagrebu raspisao je natje\u010daj za upis I. generacije studenata na Poslijediplomski specijalisti\u010dki studij Arhitektura i urbanizam; Prostorno ure\u0111enje Ciklus Strate\u0161ko planiranje i odr\u017eivi razvoj.<\/p>\n<p>Prijave se zaprimaju do 30. studenog 2018. godine.<\/p>\n<p>Natje\u010daj je objavljen na web stranici AF www. <a href=\"http:\/\/arhitekt.hr\/\" target=\"_blank\" rel=\"noopener\">arhitekt.hr<\/a> te u &#8220;24&#8221; sata&#8221; u petak, 26. listopada 2018.<\/p>\n<p><a href=\"http:\/\/www.slatina.hr\/portal\/wp-content\/uploads\/2018\/10\/Raspis-natjecaja-Poslijediplomski-specijalisti\u010dki-studij-Arhitektura-i-urbanizam-Prostorno-ure\u0111enje.pdf\">Raspis natjecaja Poslijediplomski specijalisti\u010dki studij Arhitektura i urbanizam; Prostorno ure\u0111enje<\/a><\/p>\n<p><a href=\"http:\/\/www.slatina.hr\/portal\/wp-content\/uploads\/2018\/10\/Specijalisti\u010dki-studij-Ciklus-Strate\u0161ko-planiranje-i-odr\u017eivi-razvoj.pdf\">Specijalisti\u010dki studij Ciklus Strate\u0161ko planiranje i odr\u017eivi razvoj<\/a><\/p>\n","protected":false},"excerpt":{"rendered":"<p>Arhitektonski fakultet Sveu\u010dili\u0161ta u Zagrebu raspisao je natje\u010daj za upis I. generacije studenata na Poslijediplomski specijalisti\u010dki studij Arhitektura i urbanizam; Prostorno ure\u0111enje Ciklus Strate\u0161ko planiranje<span class=\"excerpt-hellip\"> [\u2026]<\/span><\/p>\n","protected":false},"author":5,"featured_media":86165,"comment_status":"closed","ping_status":"closed","sticky":false,"template":"","format":"standard","meta":{"ngg_post_thumbnail":0,"footnotes":""},"categories":[140],"tags":[],"class_list":["post-86161","post","type-post","status-publish","format-standard","has-post-thumbnail","hentry","category-vlada-i-ministarstva"],"_links":{"self":[{"href":"https:\/\/www.slatina.hr\/portal\/wp-json\/wp\/v2\/posts\/86161","targetHints":{"allow":["GET"]}}],"collection":[{"href":"https:\/\/www.slatina.hr\/portal\/wp-json\/wp\/v2\/posts"}],"about":[{"href":"https:\/\/www.slatina.hr\/portal\/wp-json\/wp\/v2\/types\/post"}],"author":[{"embeddable":true,"href":"https:\/\/www.slatina.hr\/portal\/wp-json\/wp\/v2\/users\/5"}],"replies":[{"embeddable":true,"href":"https:\/\/www.slatina.hr\/portal\/wp-json\/wp\/v2\/comments?post=86161"}],"version-history":[{"count":0,"href":"https:\/\/www.slatina.hr\/portal\/wp-json\/wp\/v2\/posts\/86161\/revisions"}],"wp:featuredmedia":[{"embeddable":true,"href":"https:\/\/www.slatina.hr\/portal\/wp-json\/wp\/v2\/media\/86165"}],"wp:attachment":[{"href":"https:\/\/www.slatina.hr\/portal\/wp-json\/wp\/v2\/media?parent=86161"}],"wp:term":[{"taxonomy":"category","embeddable":true,"href":"https:\/\/www.slatina.hr\/portal\/wp-json\/wp\/v2\/categories?post=86161"},{"taxonomy":"post_tag","embeddable":true,"href":"https:\/\/www.slatina.hr\/portal\/wp-json\/wp\/v2\/tags?post=86161"}],"curies":[{"name":"wp","href":"https:\/\/api.w.org\/{rel}","templated":true}]}}