{"id":86154,"date":"2018-10-30T12:00:33","date_gmt":"2018-10-30T11:00:33","guid":{"rendered":"http:\/\/www.slatina.hr\/?p=86154"},"modified":"2018-10-30T12:00:33","modified_gmt":"2018-10-30T11:00:33","slug":"ministarstvo-gospodarstva-povecalo-alokaciju-za-internacionalizaciju-s-58-milijuna-kuna-na-134-milijuna-kuna","status":"publish","type":"post","link":"https:\/\/www.slatina.hr\/portal\/ministarstvo-gospodarstva-povecalo-alokaciju-za-internacionalizaciju-s-58-milijuna-kuna-na-134-milijuna-kuna\/","title":{"rendered":"Ministarstvo gospodarstva pove\u0107alo alokaciju za internacionalizaciju s 58 milijuna kuna na 134 milijuna kuna"},"content":{"rendered":"<p style=\"text-align: justify;\"><span style=\"font-size: 11.0pt; font-family: 'Arial','sans-serif';\" lang=\"HR\">Ministarstvo gospodarstva, poduzetni\u0161tva i obrta objavilo je prvu izmjenu Poziva na dostavu projektnih prijedloga \u201eInternacionalizacija poslovanja MSP-ova \u2013 Faza 2\u201c kojom je<a name=\"_GoBack\"><\/a> planirana alokacija s dosada\u0161njih 58.000.000,00 kuna pove\u0107ana na 134.000.000,00 kuna. <\/span><\/p>\n<p style=\"text-align: justify;\"><span style=\"font-size: 11.0pt; font-family: 'Arial','sans-serif';\" lang=\"HR\">Poziv je namijenjen mikro, malim i srednjim poduze\u0107ima kako bi se oja\u010dala me\u0111unarodna konkurentnost olak\u0161avanjem predstavljanja njihovih proizvoda\/usluga me\u0111unarodnoj poslovnoj zajednici u inozemstvu i uvo\u0111enja proizvoda na novo, inozemno tr\u017ei\u0161te te pove\u0107anja mogu\u0107nosti poslovne suradnje s inozemnim partnerima.<\/span><\/p>\n<p style=\"text-align: justify;\"><span style=\"font-size: 11.0pt; font-family: 'Arial','sans-serif';\" lang=\"HR\">Cilj poziva je pove\u0107ati sposobnost hrvatskog gospodarstva za sudjelovanje na globalnim tr\u017ei\u0161tima te pridonijeti pove\u0107anju udjela MSP-ova u ukupnom izvozu roba i usluga pobolj\u0161anjem uvjeta za njihov rad u me\u0111unarodnom okru\u017eenju.&nbsp;Dodijeljenim bespovratnim sredstvima sufinancirat \u0107e se projektne aktivnosti koje uklju\u010duju nastupe na me\u0111unarodnim sajmovima ili b2b susretima izvan RH te istra\u017eivanje inozemnog tr\u017ei\u0161ta za plasman proizvoda na novo tr\u017ei\u0161te izvan RH.&nbsp;<\/span><\/p>\n<p style=\"text-align: justify;\"><span style=\"font-size: 11.0pt; font-family: 'Arial','sans-serif';\" lang=\"HR\">Vrijeme zaprimanja projektnih prijedloga ostaje nepromijenjeno te se projektni prijedlozi podnose od strane ovla\u0161tene osobe Prijavitelja putem sustava eFondovi u elektroni\u010dkom obliku od 30. listopada 2018. godine u 11:00 sati.<\/span><\/p>\n<p style=\"text-align: justify;\"><span style=\"font-size: 11.0pt; font-family: 'Arial','sans-serif';\" lang=\"HR\">Najni\u017ei iznos potpore koji se mo\u017ee dodijeliti pojedinom projektu iznosi 100.000,00 kuna, a najvi\u0161i iznos je 1.000.000,00 kuna, pri \u010demu je intenzitet potpore za mikro i mala poduze\u0107a 85%, dok za srednja poduze\u0107a intenzitet iznosi &nbsp;65% prihvatljivih tro\u0161kova. Potpora dodijeljena po ovom Pozivu smatra se potporom male vrijednosti i dodjeljuje se putem OP Konkurentnost i kohezija 2014. &#8211; 2020. iz Europskog fonda za regionalni razvoj.<\/span><\/p>\n<p style=\"text-align: justify;\"><span style=\"font-size: 11.0pt; font-family: 'Arial','sans-serif';\" lang=\"HR\">Vi\u0161e informacija o natje\u010daju te natje\u010dajnu dokumentaciju mo\u017eete prona\u0107i<\/span><span lang=\"HR\"><a href=\"https:\/\/efondovi.mrrfeu.hr\/MISCms\/Pozivi\/Poziv?id=46430481-608d-4d81-a2c9-41ceae8aec84\" target=\"_blank\" rel=\"noopener\"><span style=\"font-size: 11.0pt; font-family: 'Arial','sans-serif';\"> ovdje.<\/span><\/a><\/span><\/p>\n<p><em>&nbsp;&nbsp;&nbsp;&nbsp;&nbsp;&nbsp;&nbsp;&nbsp;&nbsp;&nbsp;&nbsp;&nbsp;&nbsp;&nbsp;&nbsp;&nbsp;&nbsp;&nbsp;&nbsp;&nbsp;&nbsp;&nbsp;&nbsp;&nbsp;&nbsp;&nbsp;&nbsp;&nbsp;&nbsp;&nbsp;&nbsp;&nbsp;&nbsp;&nbsp;&nbsp;&nbsp;&nbsp;&nbsp;&nbsp;&nbsp;&nbsp;&nbsp;&nbsp;&nbsp;&nbsp;&nbsp;&nbsp;&nbsp;&nbsp;&nbsp;&nbsp;&nbsp;&nbsp;&nbsp;&nbsp;&nbsp;&nbsp;&nbsp; Ministarstvo gospodarstva, poduzetni\u0161tva i obrta<\/em><\/p>\n<p><img loading=\"lazy\" decoding=\"async\" class=\" wp-image-86157 aligncenter\" src=\"http:\/\/www.slatina.hr\/portal\/wp-content\/uploads\/2018\/10\/faf563c975c003218aecd8e06d26aaac_XL-290x200.jpg\" alt=\"\" width=\"712\" height=\"491\"\/><\/p>\n","protected":false},"excerpt":{"rendered":"<p>Ministarstvo gospodarstva, poduzetni\u0161tva i obrta objavilo je prvu izmjenu Poziva na dostavu projektnih prijedloga \u201eInternacionalizacija poslovanja MSP-ova \u2013 Faza 2\u201c kojom je planirana alokacija s<span class=\"excerpt-hellip\"> [\u2026]<\/span><\/p>\n","protected":false},"author":5,"featured_media":86158,"comment_status":"closed","ping_status":"closed","sticky":false,"template":"","format":"standard","meta":{"ngg_post_thumbnail":0,"footnotes":""},"categories":[137,140],"tags":[],"class_list":["post-86154","post","type-post","status-publish","format-standard","has-post-thumbnail","hentry","category-naslovnica","category-vlada-i-ministarstva"],"_links":{"self":[{"href":"https:\/\/www.slatina.hr\/portal\/wp-json\/wp\/v2\/posts\/86154","targetHints":{"allow":["GET"]}}],"collection":[{"href":"https:\/\/www.slatina.hr\/portal\/wp-json\/wp\/v2\/posts"}],"about":[{"href":"https:\/\/www.slatina.hr\/portal\/wp-json\/wp\/v2\/types\/post"}],"author":[{"embeddable":true,"href":"https:\/\/www.slatina.hr\/portal\/wp-json\/wp\/v2\/users\/5"}],"replies":[{"embeddable":true,"href":"https:\/\/www.slatina.hr\/portal\/wp-json\/wp\/v2\/comments?post=86154"}],"version-history":[{"count":0,"href":"https:\/\/www.slatina.hr\/portal\/wp-json\/wp\/v2\/posts\/86154\/revisions"}],"wp:featuredmedia":[{"embeddable":true,"href":"https:\/\/www.slatina.hr\/portal\/wp-json\/wp\/v2\/media\/86158"}],"wp:attachment":[{"href":"https:\/\/www.slatina.hr\/portal\/wp-json\/wp\/v2\/media?parent=86154"}],"wp:term":[{"taxonomy":"category","embeddable":true,"href":"https:\/\/www.slatina.hr\/portal\/wp-json\/wp\/v2\/categories?post=86154"},{"taxonomy":"post_tag","embeddable":true,"href":"https:\/\/www.slatina.hr\/portal\/wp-json\/wp\/v2\/tags?post=86154"}],"curies":[{"name":"wp","href":"https:\/\/api.w.org\/{rel}","templated":true}]}}