{"id":85744,"date":"2018-10-21T09:18:02","date_gmt":"2018-10-21T08:18:02","guid":{"rendered":"http:\/\/www.slatina.hr\/?p=85744"},"modified":"2018-10-21T09:18:02","modified_gmt":"2018-10-21T08:18:02","slug":"koncertom-koncar-basic-simatovic-vidovic-zatvoren-xxiv-festival-dmk","status":"publish","type":"post","link":"https:\/\/www.slatina.hr\/portal\/koncertom-koncar-basic-simatovic-vidovic-zatvoren-xxiv-festival-dmk\/","title":{"rendered":"Koncertom Kon\u010dar\/Ba\u0161i\u0107\/\u0160imatovi\u0107\/Vidovi\u0107 zatvoren XXIV. festival DMK"},"content":{"rendered":"<p>Sino\u0107 je u koncertnoj dvorani Hrvatskog doma odr\u017ean posljednji koncert ovogodi\u0161njih Dana Milka Kelemena, na kojemu su nastupili umjetni\u010dki voditelj DMK i svjetski poznati violinist Goran Kon\u010dar, te mladi hrvatski glazbenici, pobjednici ovogodi\u0161njeg Hrvatskog natjecanja mladih glazbenih umjetnika Papandopulo, Divna \u0160imatovi\u0107, Marija Ba\u0161i\u0107 i Luka Vidovi\u0107.<\/p>\n<p>Posjetitelje festivala, me\u0111u kojima je bila i zamjenica gradona\u010delnika Grada Slatine Sanja Mrzljak Jovani\u0107, pozdravila je direktorica festivala DMK Jadranka Srdo\u010d koja je tom prigodom rekla:<br \/>\n<em>\u201eDa bi imali festival moramo imati skladatelja, mi ga imamo i uvijek \u0107emo ga imati, to je Milko Kelemen, na\u0161 slavni sugra\u0111anin, velikan hrvatske glazbe, glazbeni pedagog, pisac i svjetski putnik s kojim smo se svi kroz ove 24 godine, dok nije preminuo, intenzivno dru\u017eili kroz razne programe, koncerte i susrete.<br \/>\nImamo Milka Kelemena, imamo i festival, a da bi imali festival moramo imati i program koji je sastavljen prvenstveno od Kelemenovih djela, gdje smo kroz dosada\u0161nja 24 festivala, izveli vi\u0161e od pola njegovog opusa, oko 60 kompozicija, a imat \u0107emo priliku, nadam se, u sljede\u0107im godinama uz djela drugih suvremenih hrvatskih kompozitora i ponajboljih djela svjetske klasike, izvesti i preostala njegova djela.<br \/>\nTreba imati tim koji \u0107e to odraditi, dr\u017eim da ga mi imamo. I ove su godine svi dionici ovoga projekta u sklopu organizacijskog odbora odli\u010dno odradili svoj posao.\u201c <\/em><\/p>\n<p>Kako je Milko Kelemen uvijek \u017eelio publiku iznenaditi, iznena\u0111enje ovog koncerta bio je umjetni\u010dki voditelj DMK i svjetski poznati violinist Goran Kon\u010dar koji je ukratko rezimirao ovogodi\u0161nji festival, te najavio sino\u0107nji program.&nbsp;<br \/>\n\u201e<em>Ovim koncertom zavr\u0161avaju 24. Dani Milka Kelemena u Slatini i drago mi je da \u0107emo predstaviti troje mladih virtuoza koji su me\u0111u pobjednicima ovogodi\u0161njeg H<\/em><em>rvatskog natjecanja mladih glazbenih umjetnika Papandopulo, a slatinskoj su publici pripremili cijeli svoj natjecateljski program koji se ina\u010de ne \u010duje tako \u010desto.<\/p>\n<p>Ono \u0161to bih \u017eelio posebno istaknuti na ovogodi\u0161njem festivalu, prvom koji je odr\u017ean, a da vi\u0161e nema Milka Kelemena me\u0111u nama, ali isto tako i posljednji na koji je on jo\u0161 imao upliv u program i izbor izvo\u0111a\u010da, uz uvodni koncert Kimiko Nakazawe koja je u sklopu svoje europske turneje nastupila na neprocjenjivoj Stradivarijevoj violini, zatim otvorenja<\/em> <em>s <\/em><em>Cantus ansamblom, jednim od na\u0161ih najzna\u010dajnijih ansambala za suvremenu glazbu, izme\u0111u ostaloga ostvarili smo i vrijednu suradnju s kolegama, ovdje iz Slatine, \u0161to je jako va\u017eno, okrenuti se prema mladima, te se nadam da \u0107emo i u budu\u0107e imati izvedbe na\u0161ih glazbenika koji su profesori, ali i umjetnici.<br \/>\nPrvi festival koji \u0107e se raditi bez Milka Kelemena je upravo onaj jubilarni 25.-ti u idu\u0107oj godini koji \u0107e tako\u0111er donijeti svjetski priznate umjetnike poput Zagreba\u010dke filharmonije. <\/em><\/p>\n<p><em>Iznimno je va\u017eno spomenuti da je ovo Va\u0161 festival, mislim svih vas koji ste ovdje u Slatini, i Na\u0161 festival, svih nas koji smo u Hrvatskoj, jer mi u Hrvatskoj nemamo puno festivala suvremene glazbe. Uz zagreba\u010dki Biennale ovo je jedini programski osmi\u0161ljen festival. Smjestio bi ga u vrh hrvatskih festivalskih zbivanja, koji jedini uz vara\u017edinski festival Barokne glazbe ima jednu kvalitetnu programsku cjelinu.<br \/>\nKada shvatimo da je festival na\u0161, tek tada on po\u010dinje \u017eivjeti s gradom onako kako zapravo jedan festivalski grad treba, a s nadom u budu\u0107i razvoj mo\u017ee se o\u010dekivati i veliki programski napredak na op\u0107e dobro svih Slatin\u010dana, i da zajedno izgradimo ono \u0161to je posebnost ovog festivala, unutarnje vrijednosti, jer razumijevanje jedne fraze, pogotovo ako se radi o suvremenoj glazbi je ne\u0161to \u0161to je dodir univerzuma i sav smisao je u tome.\u201c<\/em> \u2013 rekao je Kon\u010dar te zaklju\u010dio kako se svako i najmanje ulaganje u kulturu vra\u0107a jednim ogromnim vrijednostima za svakoga ponaosob, a kona\u010dno i za cijelu zajednicu.<\/p>\n<p>Goran Kon\u010dar sino\u0107 je izveo djelo koje je, kako je rekao, Kelemenu bilo jako blisko, kojim je, kada je pisao skladbu za svoj Violinski koncert, bio op\u010dinjen, odnosno Sarabandu Johanna Sebastijana Bacha. U Kelemenovom do sada neobjavljenom Violinskom koncertu nalaze se elementi iz Sarabande, tonalitet je gotovo identi\u010dan i ako zanemarimo onu unutarnju energiju koju donosi orkestar ono \u0161to se doga\u0111a u violinskoj dionici u mnogim situacijama podsje\u0107a upravo na tu univerzalnu \u0161irinu Johanna Sebastijana Bacha.<\/p>\n<p>Potom su sa svojim natjecateljskim programom nastupili mladi hrvatski glazbenici, pobjednici ovogodi\u0161njeg Hrvatskog natjecanja mladih glazbenih umjetnika Papandopulo, Divna \u0160imatovi\u0107 na gitari, Marija Ba\u0161i\u0107 na violini i Luka Vidovi\u0107 na gitari.<\/p>\n<p>Divna \u0160imatovi\u0107 izvela je djela Sora, Paganinia, Poncea, Jelaske i Duartea, Marija Ba\u0161i\u0107 djela Bacha, Bobi\u0107a i Kelemena, a Luka Vidovi\u0107 Tedescoa i Para\u0107a.<br \/>\n(www.radioslatina.hr)<\/p>\nngg_shortcode_0_placeholder\n","protected":false},"excerpt":{"rendered":"<p>Sino\u0107 je u koncertnoj dvorani Hrvatskog doma odr\u017ean posljednji koncert ovogodi\u0161njih Dana Milka Kelemena, na kojemu su nastupili umjetni\u010dki voditelj DMK i svjetski poznati violinist<span class=\"excerpt-hellip\"> [\u2026]<\/span><\/p>\n","protected":false},"author":5,"featured_media":85818,"comment_status":"closed","ping_status":"closed","sticky":false,"template":"","format":"standard","meta":{"ngg_post_thumbnail":0,"footnotes":""},"categories":[136,137,139],"tags":[],"class_list":["post-85744","post","type-post","status-publish","format-standard","has-post-thumbnail","hentry","category-grad-slatina","category-naslovnica","category-sport-kultura-i-udruge"],"_links":{"self":[{"href":"https:\/\/www.slatina.hr\/portal\/wp-json\/wp\/v2\/posts\/85744","targetHints":{"allow":["GET"]}}],"collection":[{"href":"https:\/\/www.slatina.hr\/portal\/wp-json\/wp\/v2\/posts"}],"about":[{"href":"https:\/\/www.slatina.hr\/portal\/wp-json\/wp\/v2\/types\/post"}],"author":[{"embeddable":true,"href":"https:\/\/www.slatina.hr\/portal\/wp-json\/wp\/v2\/users\/5"}],"replies":[{"embeddable":true,"href":"https:\/\/www.slatina.hr\/portal\/wp-json\/wp\/v2\/comments?post=85744"}],"version-history":[{"count":0,"href":"https:\/\/www.slatina.hr\/portal\/wp-json\/wp\/v2\/posts\/85744\/revisions"}],"wp:featuredmedia":[{"embeddable":true,"href":"https:\/\/www.slatina.hr\/portal\/wp-json\/wp\/v2\/media\/85818"}],"wp:attachment":[{"href":"https:\/\/www.slatina.hr\/portal\/wp-json\/wp\/v2\/media?parent=85744"}],"wp:term":[{"taxonomy":"category","embeddable":true,"href":"https:\/\/www.slatina.hr\/portal\/wp-json\/wp\/v2\/categories?post=85744"},{"taxonomy":"post_tag","embeddable":true,"href":"https:\/\/www.slatina.hr\/portal\/wp-json\/wp\/v2\/tags?post=85744"}],"curies":[{"name":"wp","href":"https:\/\/api.w.org\/{rel}","templated":true}]}}