{"id":84467,"date":"2018-09-26T21:09:15","date_gmt":"2018-09-26T20:09:15","guid":{"rendered":"http:\/\/www.slatina.hr\/?p=84467"},"modified":"2018-09-26T21:09:15","modified_gmt":"2018-09-26T20:09:15","slug":"skola-za-zivot-u-ss-marka-marulica-slatina","status":"publish","type":"post","link":"https:\/\/www.slatina.hr\/portal\/skola-za-zivot-u-ss-marka-marulica-slatina\/","title":{"rendered":"\u201e\u0160kola za \u017eivot\u201c u S\u0160 Marka Maruli\u0107a Slatina"},"content":{"rendered":"<p>Po\u010detkom nove \u0161kolske godine u Srednjoj \u0161koli Marka Maruli\u0107a Slatina zapo\u010deo je eksperimentalni program Ministarstva znanosti i obrazovanja \u201e\u0160kola za \u017eivot\u201c koji \u0107e poha\u0111ati 99 u\u010denika prvih&nbsp;razreda kroz pet usmjerenja.<\/p>\n<p>Tim povodom danas je gradona\u010delnika Slatine Denisa Ostro\u0161i\u0107a u nazo\u010dnosti pro\u010delnika Stru\u010dne slu\u017ebe Krunoslava \u0160araboka s programom \u201e\u0160kola za \u017eivot\u201c upoznao ravnatelj \u0161kole, Darko \u0160poljari\u0107.<\/p>\n<p>Srednja \u0161kola Marka Maruli\u0107a Slatina jedna je od 26 srednjih \u0161kola u Republici Hrvatskoj i jedna od tri s podru\u010dja Viroviti\u010dko-podravske \u017eupanije izabrana u ovaj program u koji je izravno uklju\u010deno 28 od ukupno 50 profesora \u0161kole.<br \/>\nIzabrana su i dva koordinatora koji \u0107e komunicirati s Ministarstvom znanosti i obrazovanja, odnosno s timom za provedbu eksperimentalnog programa \u201e\u0160kola za \u017eivot\u201c, za komunikacijski dio zadu\u017een je prof. Vladimir Borba\u0161, a za tehni\u010dki prof. Josip Mikola\u0161evi\u0107.<\/p>\n<p>Nova znanja u\u010denici \u0107e stjecati na inovativan na\u010din uz pregr\u0161t modernih&nbsp;nastavnih sredstava uz pomo\u0107 svojih nastavnika koji su se mjesecima marljivo pripremali za provo\u0111enje eksperimentalnog kurikuluma.<br \/>\nU\u010denici su dobili nove ud\u017ebenike primjerene programu, a tableti \u0107e sti\u0107i do kraja ovoga tjedna tako da \u0107e se od ponedjeljka mo\u0107i krenuti s planiranim programom u okviru kojega \u0107e se u\u010denici upoznati s radom na tabletima i novim softverima za rad u nastavi. Prvi korak napravljen je umre\u017eavanjem \u0161kole uvo\u0111enjem e-dnevnika. Tako\u0111er su u pojedinim u\u010dionicama postavljene pametne plo\u010de, a prema rije\u010dima ravnatelja \u0160poljari\u0107a planira se njihovo postavljanje u svim u\u010dionicama \u0161to je jo\u0161 jedan korak prema suvremenoj nastavi.<br \/>\nSrednja \u0161kola Marka Maruli\u0107a Slatina u sklopu ovog programa uz tablete dobila je mogu\u0107nost nabave opreme u vrijednosti 200.000 kuna. Tako bi do kraja godine trebao sti\u0107i namje\u0161taj i oprema prilago\u0111ena odre\u0111enom tipu nastavnog predmeta. Izme\u0111u ostaloga, u\u010dionice fizike, kemije i biologije bit \u0107e opremljene suvremenim nastavnim pomagalima poput konzola za ispitivanje okoli\u0161a, laboratorijskim priborom, mjernim instrumentima, mikroskopima, zemljopisnim kartama, ra\u010dunalima, video kamerama, dronom i ostalom opremom.<\/p>\n<p>Po\u010detkom rujna odr\u017ean je zajedni\u010dki sastanak na kojemu su u\u010denicima, nastavnicima i roditeljima koji su se odazvali u velikom broju, \u010dlanice Mentorske radne skupine Ministarstva znanosti i obrazovanja Nata\u0161a Ljubi\u0107 Klem\u0161e i Nikolina Marini\u0107 prezentirale eksperimentalni program obja\u0161njavaju\u0107i nove pristupe u\u010denju i pou\u010davanju \u0161to \u0107e potaknuti razvoj u\u010deni\u010dkih kompetencija i kriti\u010dkog mi\u0161ljenja kao najve\u0107u prednost novog kurikuluma budu\u0107i da \u0107e i sami u\u010denici sudjelovati u kreiranju nastavnog programa.<\/p>\n<p>Na sastanku se razgovaralo i o brojnim aktivnostima \u0161kole te projektima u narednom razdoblju koji \u0107e omogu\u0107iti nastavnicima i u\u010denicima jo\u0161 kvalitetniji rad i boravak u \u0161koli.<br \/>\n\u201e<em>\u0160kola iz godine u godinu ima sve vi\u0161e izuzetno marljivih i darovitih u\u010denika koji ostvaruju vrhunske rezultate, ne samo na brojnim natjecanjima nego i kasnije u \u017eivotu, na \u0161to sam jako ponosan. Prepoznali smo priliku i va\u017enost sudjelovanja u eksperimentalnom programu \u201e\u0160kola za \u017eivot\u201c te na taj na\u010din novim generacijama u\u010denika u Slatini pru\u017eili mogu\u0107nost najboljeg obrazovanja. Sudjelovanje u eksperimentalnom programu nama predstavlja izravan utjecaj na kreiranje novog obrazovnog sustava u Hrvatskoj. \u201c<\/em> \u2013 naglasio je ravnatelj \u0160poljari\u0107.<br \/>\n(www.radioslatina.hr)<\/p>\n<p><img loading=\"lazy\" decoding=\"async\" class=\" wp-image-84473 aligncenter\" src=\"http:\/\/www.slatina.hr\/portal\/wp-content\/uploads\/2018\/09\/logo.jpg\" alt=\"\" width=\"220\" height=\"93\" srcset=\"https:\/\/www.slatina.hr\/portal\/wp-content\/uploads\/2018\/09\/logo.jpg 144w, https:\/\/www.slatina.hr\/portal\/wp-content\/uploads\/2018\/09\/logo-50x21.jpg 50w\" sizes=\"auto, (max-width:767px) 220px, 220px\" \/><\/p>\n\n\t\t\t<style type='text\/css'>\n\t\t\t\t#sc_gallery-1 {\n\t\t\t\t\tmargin: auto;\n\t\t\t\t}\n\t\t\t\t#sc_gallery-1 .gallery-item {\n\t\t\t\t\tfloat: left;\n\t\t\t\t\ttext-align: center;\n\t\t\t\t\twidth: 24.99%;\n\t\t\t\t}\n\t\t\t\t#sc_gallery-1 img {\n\t\t\t\t\tborder: 2px solid #cfcfcf;\n\t\t\t\t}\n\t\t\t\t\/* see sc_gallery() in functions\/theme-shortcodes.php *\/\n\t\t\t<\/style>\n\t\t<div id='sc_gallery-1' class='gallery galleryid-84467 gallery-columns-4 gallery-size-thumbnail file element_classes gallery-default'><dl class='gallery-item'  data-title='DSC_0006' data-description=''><div class='gallery-item-wrapper'>\n\t\t\t\t<dt class='gallery-icon landscape'>\n\t\t\t\t\t<a href='https:\/\/www.slatina.hr\/portal\/wp-content\/uploads\/2018\/09\/DSC_0006.jpg'><img loading=\"lazy\" decoding=\"async\" width=\"130\" height=\"130\" src=\"https:\/\/www.slatina.hr\/portal\/wp-content\/uploads\/2018\/09\/DSC_0006-150x150.jpg\" class=\"attachment-thumbnail size-thumbnail\" alt=\"\" srcset=\"https:\/\/www.slatina.hr\/portal\/wp-content\/uploads\/2018\/09\/DSC_0006-150x150.jpg 150w, https:\/\/www.slatina.hr\/portal\/wp-content\/uploads\/2018\/09\/DSC_0006-85x85.jpg 85w, https:\/\/www.slatina.hr\/portal\/wp-content\/uploads\/2018\/09\/DSC_0006-80x80.jpg 80w\" sizes=\"auto, (max-width:767px) 130px, 130px\" \/><\/a>\n\t\t\t\t<\/dt><\/div><\/dl><dl class='gallery-item'  data-title='dav' data-description=''><div class='gallery-item-wrapper'>\n\t\t\t\t<dt class='gallery-icon landscape'>\n\t\t\t\t\t<a href='https:\/\/www.slatina.hr\/portal\/wp-content\/uploads\/2018\/09\/IMG_20180926_090851.jpg'><img loading=\"lazy\" decoding=\"async\" width=\"130\" height=\"130\" src=\"https:\/\/www.slatina.hr\/portal\/wp-content\/uploads\/2018\/09\/IMG_20180926_090851-150x150.jpg\" class=\"attachment-thumbnail size-thumbnail\" alt=\"\" srcset=\"https:\/\/www.slatina.hr\/portal\/wp-content\/uploads\/2018\/09\/IMG_20180926_090851-150x150.jpg 150w, https:\/\/www.slatina.hr\/portal\/wp-content\/uploads\/2018\/09\/IMG_20180926_090851-85x85.jpg 85w, https:\/\/www.slatina.hr\/portal\/wp-content\/uploads\/2018\/09\/IMG_20180926_090851-80x80.jpg 80w, https:\/\/www.slatina.hr\/portal\/wp-content\/uploads\/2018\/09\/IMG_20180926_090851-768x768.jpg 768w\" sizes=\"auto, (max-width:767px) 130px, 130px\" \/><\/a>\n\t\t\t\t<\/dt><\/div><\/dl>\n\t\t\t\t<br style='clear: both' \/>\n\t\t\t<\/div>\n\n","protected":false},"excerpt":{"rendered":"<p>Po\u010detkom nove \u0161kolske godine u Srednjoj \u0161koli Marka Maruli\u0107a Slatina zapo\u010deo je eksperimentalni program Ministarstva znanosti i obrazovanja \u201e\u0160kola za \u017eivot\u201c koji \u0107e poha\u0111ati 99<span class=\"excerpt-hellip\"> [\u2026]<\/span><\/p>\n","protected":false},"author":5,"featured_media":84471,"comment_status":"closed","ping_status":"closed","sticky":false,"template":"","format":"standard","meta":{"ngg_post_thumbnail":0,"footnotes":""},"categories":[136,137],"tags":[],"class_list":["post-84467","post","type-post","status-publish","format-standard","has-post-thumbnail","hentry","category-grad-slatina","category-naslovnica"],"_links":{"self":[{"href":"https:\/\/www.slatina.hr\/portal\/wp-json\/wp\/v2\/posts\/84467","targetHints":{"allow":["GET"]}}],"collection":[{"href":"https:\/\/www.slatina.hr\/portal\/wp-json\/wp\/v2\/posts"}],"about":[{"href":"https:\/\/www.slatina.hr\/portal\/wp-json\/wp\/v2\/types\/post"}],"author":[{"embeddable":true,"href":"https:\/\/www.slatina.hr\/portal\/wp-json\/wp\/v2\/users\/5"}],"replies":[{"embeddable":true,"href":"https:\/\/www.slatina.hr\/portal\/wp-json\/wp\/v2\/comments?post=84467"}],"version-history":[{"count":0,"href":"https:\/\/www.slatina.hr\/portal\/wp-json\/wp\/v2\/posts\/84467\/revisions"}],"wp:featuredmedia":[{"embeddable":true,"href":"https:\/\/www.slatina.hr\/portal\/wp-json\/wp\/v2\/media\/84471"}],"wp:attachment":[{"href":"https:\/\/www.slatina.hr\/portal\/wp-json\/wp\/v2\/media?parent=84467"}],"wp:term":[{"taxonomy":"category","embeddable":true,"href":"https:\/\/www.slatina.hr\/portal\/wp-json\/wp\/v2\/categories?post=84467"},{"taxonomy":"post_tag","embeddable":true,"href":"https:\/\/www.slatina.hr\/portal\/wp-json\/wp\/v2\/tags?post=84467"}],"curies":[{"name":"wp","href":"https:\/\/api.w.org\/{rel}","templated":true}]}}