{"id":84248,"date":"2018-09-18T11:25:28","date_gmt":"2018-09-18T10:25:28","guid":{"rendered":"http:\/\/www.slatina.hr\/?p=84248"},"modified":"2018-09-18T11:25:28","modified_gmt":"2018-09-18T10:25:28","slug":"gradonacelnik-denis-ostrosic-na-radnom-sastanku-kod-zupana-igora-androvica","status":"publish","type":"post","link":"https:\/\/www.slatina.hr\/portal\/gradonacelnik-denis-ostrosic-na-radnom-sastanku-kod-zupana-igora-androvica\/","title":{"rendered":"Gradona\u010delnik Denis Ostro\u0161i\u0107 na radnom sastanku kod \u017eupana Igora Androvi\u0107a"},"content":{"rendered":"<p>Gradona\u010delnik Grada Slatine Denis Ostro\u0161i\u0107 danas je bio na&nbsp; radnom sastanku sa \u017eupanom Viroviti\u010dko-podravske \u017eupanije Igorom Androvi\u0107em.<br \/>\nSastanku su nazo\u010dili i zamjenik slatinskog gradona\u010delnika Bojan Plantak te pro\u010delnici Grada Slatine: Upravnog odjela za razvoj grada Marin Kokori\u0107 i Stru\u010dne slu\u017ebe Krunoslav \u0160arabok.<\/p>\n<p>Na sastanku se oko sat i pol vremena razgovaralo o problematici prometa na \u017eupanijskim cestama u gradu Slatini, o ulaganju u osnovne i srednje \u0161kole na slatinskom podru\u010dju, zajedni\u010dkim projektima Grada Slatine i Viroviti\u010dko-podravske \u017eupanije te drugim aktualnim temama. (www.radioslatina.hr)<\/p>\nngg_shortcode_0_placeholder\n","protected":false},"excerpt":{"rendered":"<p>Gradona\u010delnik Grada Slatine Denis Ostro\u0161i\u0107 danas je bio na&nbsp; radnom sastanku sa \u017eupanom Viroviti\u010dko-podravske \u017eupanije Igorom Androvi\u0107em. Sastanku su nazo\u010dili i zamjenik slatinskog gradona\u010delnika Bojan<span class=\"excerpt-hellip\"> [\u2026]<\/span><\/p>\n","protected":false},"author":5,"featured_media":84256,"comment_status":"closed","ping_status":"closed","sticky":false,"template":"","format":"standard","meta":{"ngg_post_thumbnail":0,"footnotes":""},"categories":[136,137,138],"tags":[],"class_list":["post-84248","post","type-post","status-publish","format-standard","has-post-thumbnail","hentry","category-grad-slatina","category-naslovnica","category-zupanija-i-opcine"],"_links":{"self":[{"href":"https:\/\/www.slatina.hr\/portal\/wp-json\/wp\/v2\/posts\/84248","targetHints":{"allow":["GET"]}}],"collection":[{"href":"https:\/\/www.slatina.hr\/portal\/wp-json\/wp\/v2\/posts"}],"about":[{"href":"https:\/\/www.slatina.hr\/portal\/wp-json\/wp\/v2\/types\/post"}],"author":[{"embeddable":true,"href":"https:\/\/www.slatina.hr\/portal\/wp-json\/wp\/v2\/users\/5"}],"replies":[{"embeddable":true,"href":"https:\/\/www.slatina.hr\/portal\/wp-json\/wp\/v2\/comments?post=84248"}],"version-history":[{"count":0,"href":"https:\/\/www.slatina.hr\/portal\/wp-json\/wp\/v2\/posts\/84248\/revisions"}],"wp:featuredmedia":[{"embeddable":true,"href":"https:\/\/www.slatina.hr\/portal\/wp-json\/wp\/v2\/media\/84256"}],"wp:attachment":[{"href":"https:\/\/www.slatina.hr\/portal\/wp-json\/wp\/v2\/media?parent=84248"}],"wp:term":[{"taxonomy":"category","embeddable":true,"href":"https:\/\/www.slatina.hr\/portal\/wp-json\/wp\/v2\/categories?post=84248"},{"taxonomy":"post_tag","embeddable":true,"href":"https:\/\/www.slatina.hr\/portal\/wp-json\/wp\/v2\/tags?post=84248"}],"curies":[{"name":"wp","href":"https:\/\/api.w.org\/{rel}","templated":true}]}}