{"id":84178,"date":"2018-09-17T22:08:57","date_gmt":"2018-09-17T21:08:57","guid":{"rendered":"http:\/\/www.slatina.hr\/?p=84178"},"modified":"2018-09-17T22:08:57","modified_gmt":"2018-09-17T21:08:57","slug":"pozeska-biskupija-poziva-na-koncert-otvorite-vrata-kristu-22-rujna","status":"publish","type":"post","link":"https:\/\/www.slatina.hr\/portal\/pozeska-biskupija-poziva-na-koncert-otvorite-vrata-kristu-22-rujna\/","title":{"rendered":"Po\u017ee\u0161ka biskupija poziva na koncert \u201eOtvorite vrata Kristu\u201c 22. rujna"},"content":{"rendered":"<p>U sklopu Biskupijskog dana, Po\u017ee\u0161ka biskupija u subotu 22. rujna u Po\u017eegi organizira koncert duhovne glazbe pod nazivom \u201eOtvorite vrata Kristu\u201c, a koji je odjek pro\u0161logodi\u0161njeg Euharistijskog kongresa i koncerta mladih.<br \/>\nBudu\u0107i su na ovo doga\u0111anje pozvani mladi iz svih \u017eupa Po\u017ee\u0161ke biskupije, u sklopu priprema danas je slatinsku \u017dupu sv. Josipa posjetio organizator koncerta ispred Po\u017ee\u0161ke biskupije, sve\u0107enik Po\u017ee\u0161ke biskupije i povjerenik za pastoral mladih vl\u010d. Krunoslav Siroglavi\u0107 u pratnji mladih \u010dlanica Biskupijskog zbora mladih Maje Vuki\u0107 i Katarine Mari\u0107, gdje ih je primio vl\u010d. Dragan Hrgi\u0107. Tom je prigodom dogovoren organizirani odlazak mladih iz slatinskog dekanata na ovaj koncert.<\/p>\n<p>Potom je uslijedio posjet Gradskoj upravi gdje su goste iz Po\u017eege primili gradona\u010delnik Slatine Denis Ostro\u0161i\u0107 i pro\u010delnik Stru\u010dne slu\u017ebe Krunoslav \u0160arabok.<br \/>\nVl\u010d. Krunoslav Siroglavi\u0107 predstavio je program koncerta koji \u0107e se odr\u017eati na Trgu sv. Terezije ispred Katedrale s po\u010detkom u 20 sati, a na kojemu \u0107e nastupiti Biskupijski zbor mladih od 75 \u010dlanova i veliki bend, te brojni solisti me\u0111u kojima i eminentni pjeva\u010di iz svijeta duhovne glazbe Petar Buljan (Bo\u017eja pobjeda, Zagreb), Alan Hr\u017eica (Srce Isusovo, Zagreb) i Po\u017ee\u017eanin Matej Gali\u0107 (Dom molitve, Osijek).<\/p>\n<p><em>\u201eOd koncerta \u017eelimo iz godine u godinu stvoriti brend, kako bi i Slavonija imala jedan takav veliki koncert. Ovim koncertom \u017eelimo okupiti brojne obitelji i mlade, te u suvremenoj kulturi o\u010duvati na\u0161e vrijednosti i dati priliku mladima da \u0161ire zajedni\u0161tvo i me\u0111usobno se pove\u017eu na podru\u010dju na\u0161e Biskupije.\u201c<\/em> \u2013 naglasio je vl\u010d. Siroglavi\u0107.<\/p>\n<p>Gradona\u010delnik Ostro\u0161i\u0107 iskazao je svoju potporu ovom projektu u nadi budu\u0107e suradnje. Predlo\u017eio je da se u narednim godinama u program uklju\u010di i Glazbena \u0161kola Milka Kelemena Slatina, ali i pozvao Biskupijski zbor mladih na gostovanje u Slatinu. (www.radioslatina.hr)<\/p>\n<p><img loading=\"lazy\" decoding=\"async\" class=\" wp-image-84180 aligncenter\" src=\"http:\/\/www.slatina.hr\/portal\/wp-content\/uploads\/2018\/09\/A2-plakat-141x200.jpg\" alt=\"\" width=\"309\" height=\"438\"\/><\/p>\nngg_shortcode_0_placeholder\n","protected":false},"excerpt":{"rendered":"<p>U sklopu Biskupijskog dana, Po\u017ee\u0161ka biskupija u subotu 22. rujna u Po\u017eegi organizira koncert duhovne glazbe pod nazivom \u201eOtvorite vrata Kristu\u201c, a koji je odjek<span class=\"excerpt-hellip\"> [\u2026]<\/span><\/p>\n","protected":false},"author":5,"featured_media":84193,"comment_status":"closed","ping_status":"closed","sticky":false,"template":"","format":"standard","meta":{"ngg_post_thumbnail":0,"footnotes":""},"categories":[136,137],"tags":[],"class_list":["post-84178","post","type-post","status-publish","format-standard","has-post-thumbnail","hentry","category-grad-slatina","category-naslovnica"],"_links":{"self":[{"href":"https:\/\/www.slatina.hr\/portal\/wp-json\/wp\/v2\/posts\/84178","targetHints":{"allow":["GET"]}}],"collection":[{"href":"https:\/\/www.slatina.hr\/portal\/wp-json\/wp\/v2\/posts"}],"about":[{"href":"https:\/\/www.slatina.hr\/portal\/wp-json\/wp\/v2\/types\/post"}],"author":[{"embeddable":true,"href":"https:\/\/www.slatina.hr\/portal\/wp-json\/wp\/v2\/users\/5"}],"replies":[{"embeddable":true,"href":"https:\/\/www.slatina.hr\/portal\/wp-json\/wp\/v2\/comments?post=84178"}],"version-history":[{"count":0,"href":"https:\/\/www.slatina.hr\/portal\/wp-json\/wp\/v2\/posts\/84178\/revisions"}],"wp:featuredmedia":[{"embeddable":true,"href":"https:\/\/www.slatina.hr\/portal\/wp-json\/wp\/v2\/media\/84193"}],"wp:attachment":[{"href":"https:\/\/www.slatina.hr\/portal\/wp-json\/wp\/v2\/media?parent=84178"}],"wp:term":[{"taxonomy":"category","embeddable":true,"href":"https:\/\/www.slatina.hr\/portal\/wp-json\/wp\/v2\/categories?post=84178"},{"taxonomy":"post_tag","embeddable":true,"href":"https:\/\/www.slatina.hr\/portal\/wp-json\/wp\/v2\/tags?post=84178"}],"curies":[{"name":"wp","href":"https:\/\/api.w.org\/{rel}","templated":true}]}}