{"id":83710,"date":"2018-09-11T08:14:16","date_gmt":"2018-09-11T07:14:16","guid":{"rendered":"http:\/\/www.slatina.hr\/?p=83710"},"modified":"2018-09-11T08:14:16","modified_gmt":"2018-09-11T07:14:16","slug":"ultramaratonac-goran-draksler-posjetio-gradonacelnika-ostrosica","status":"publish","type":"post","link":"https:\/\/www.slatina.hr\/portal\/ultramaratonac-goran-draksler-posjetio-gradonacelnika-ostrosica\/","title":{"rendered":"Ultramaratonac Goran Draksler posjetio gradona\u010delnika Ostro\u0161i\u0107a"},"content":{"rendered":"<p>Slatinski ultramaratonac Goran Draksler \u010dlan Udruge maratonaca Viroviti\u010dko- podravske \u017eupanije &#8220;Glasnici istine&#8221; sudjelovao je u subotu 08. rujna na Svjetskom prvenstvu u tr\u010danju na 100 kilometara.<br \/>\nTim povodom je ju\u010der u pratnji predsjednika \u201eGlasnika istine\u201c Pave Tutenova posjetio gradona\u010delnika Slatine Denisa Ostro\u0161i\u0107a kako bi mu se zahvalio na pru\u017eenoj potpori, te ga izvijestio o protekloj utrci ali i planovima za naredno razdoblje.<\/p>\n<p>Svjetsko prvenstvo odr\u017eano je u Sv. Martinu na Muri u Me\u0111imurskoj \u017eupaniji gdje se okupilo preko 350 najboljih ultramaratonaca iz preko 40 dr\u017eava svijeta, a Draksler se plasirao me\u0111u prvih 100 istr\u010dav\u0161i dionicu od 100 km za 10 sati 59 minuta i 31 sekundu. Limit je bio 12 sati, tr\u010dalo se 13 krugova po 7,5 km te uvodni krug od 2,5 km.<\/p>\n<p><em>\u201eOve godine mi je ovo prvenstvo bilo najva\u017enije i za njega sam se maksimalno pripremao. Trenirao sam puna tri mjeseca gdje sam uspio uz posao i druge obaveze svakodnevno istr\u010dati 25 do 30 km te ukupno skupiti 1600 km priprema, tako da sam bio i fizi\u010dki i psihi\u010dki spreman. Prve godine kada sam nastupio nedovoljno pripremljen, utrku nisam istr\u010dao, a ove sam godine popravio pro\u0161logodi\u0161nji osobni rekord za 22 minute.<br \/>\nJako sam sretan zbog toga jer sam, za razliku od profesionalaca koji na ovo prvenstvo dolaze s cijelom pratnjom ljudi koji se brinu o njihovim potrebama, ja sam tamo bio sam.<br \/>\nOvim putem zahvaljujem se gradona\u010delniku Ostro\u0161i\u0107u i Gradu Slatini na potpori jer sam si za razliku od prija\u0161njih godina mogao priu\u0161titi smje\u0161taj i vitaminizaciju, tako da sam u utrku u\u0161ao odmoran i spreman.<br \/>\nNisam imao ozljeda osim \u017eulja koji sam zadobio nakon 9 kruga, tako da sam evo dva dana nakon utrke u stanju normalno funkcionirati. \u017delja mi je na ovom prvenstvu dosti\u0107i vrijeme ispod 10 sati.\u201c <\/em>\u2013 rekao je Draksler.<\/p>\n<p>Draksler je po\u010deo tr\u010dati 2013. godine, a prva slu\u017ebena trka gdje je tr\u010dao u skupini s drugim trka\u010dima bila je Memorijalna utrka Ivica Filkovi\u0107 i Perica Sabo na dionici Slatina \u2013 Kozice, koju je smatrao ogromnim uspjehom jer je u komadu istr\u010dao 3,5 km, te bio zadivljen de\u010dkima koji su tu dionicu istr\u010dali i nazad do Slatine \u0161to ga je potaknulo na daljnji rad. Prva natjecateljska utrka bila mu je planinska utrka od 10 km Biser Slavonije na Jankovcu.<br \/>\n<em>\u201eDo te utrke na treninzima sam istr\u010dao najvi\u0161e 7 km, bilo je patnje, ali sam ipak uspio zavr\u0161iti utrku i tako je sve krenulo. Kada se zavoli taj sport jednostavno je nemogu\u0107e stati.\u201c<\/em> \u2013 prisje\u0107a se Draksler svojih po\u010detaka te dodaje:<br \/>\n<em>\u201eJedna od najdra\u017eih utrka mi je cestovna utrka 61 km od Zagreba do \u010cazme, a u sje\u0107anju mi je posebno ostala prva koju sam uspio zavr\u0161iti zahvaljuju\u0107i Pavi Tutenovu koji me doslovce odvukao na cilj cijelo me vrijeme bodre\u0107i, i \u0161to je smije\u0161no, jo\u0161 sam u cilj u\u0161ao prije njega jer nosim ve\u0107i broj patike.\u201c<\/em><\/p>\n<p>Do sada je postigao osobni rekord istr\u010dati polumaraton (21,097 km) za 1 sat i 25 minuta, a maraton (42,195 km) za 3 sata i 13 minuta.<br \/>\nIzme\u0111u ostaloga, ovogodi\u0161nji mu je plan, ukoliko mu zdravlje dopusti sudjelovati na utrci u Slavonskom Brodu 3. studenoga gdje \u0107e se odr\u017eati tri utrke: od 6, 12 i 24 sata. Draksler je izabrao onu od 12 sati u kojoj se tr\u010di 12 sati u kontinuitetu, a pobjednik je onaj koji u tom vremenu pretr\u010di najvi\u0161e kilometara. Slijede\u0107e godine planira sudjelovati na utrci 100 milja Istre.<\/p>\n<p><em>\u201ePosebno sam ponosan \u0161to ve\u0107 niz godina sudjelujem na Memorijalnom maratonu \u010cavoglave-Knin koji Udruga maratonaca VP\u017d \u201eGlasnici istine\u201c uz potporu Ministarstva hrvatskih branitelja RH organizira u povodu Dana pobjede i domovinske zahvalnosti i vojno-redarstvene operacije &#8220;Oluja&#8221;.<br \/>\nOve godine su nam se pridru\u017eili i \u010dlanovi Udruge maratonaca Sisa\u010dko-moslava\u010dke \u017eupanije \u201eHeroji ne umiru\u201c i Udruge rekreativnog tr\u010danja iz Na\u0161ica \u201eNexe Team\u201c.<br \/>\nPoseban je osje\u0107aj kada vas bakice sa suzom u oku do\u010dekaju u \u010cavoglavama u koje jedino jo\u0161 mi dolazimo na taj dan i s ponosom vas isprate za Knin.<br \/>\nImali smo i veliku \u010dast dru\u017eiti se u \u010cavoglavama s Markom Perkovi\u0107em Tompsonom koji je ljudina od \u010dovjeka.<br \/>\nMogu slobodno re\u0107i bez pretjerivanja da su \u201eGlasnici istine\u201c dobro do\u0161li u bilo koji grad ili mjesto u Hrvatskoj, vrata su im \u0161irom otvorena jer ljudi cijene na\u0161 trud i rad. Sve memorijalne utrke na\u0161a ekipa tr\u010di u cijelosti sa zastavama u rukama bez obzira koliko to ote\u017eavalo tr\u010danje, hrvatska i zastava na\u0161e udruge se ne voze, mi ih nosimo cijelu utrku. Gdje god se pojavimo prenosimo pozitivan glas o na\u0161em gradu i \u017eupaniji koje poku\u0161avamo promovirati na najljep\u0161i mogu\u0107i na\u010din.\u201c<\/em> \u2013 zaklju\u010dio je Draksler. (www.radioslatina.hr)<\/p>\nngg_shortcode_0_placeholder\n<p>&nbsp;<\/p>\n","protected":false},"excerpt":{"rendered":"<p>Slatinski ultramaratonac Goran Draksler \u010dlan Udruge maratonaca Viroviti\u010dko- podravske \u017eupanije &#8220;Glasnici istine&#8221; sudjelovao je u subotu 08. rujna na Svjetskom prvenstvu u tr\u010danju na 100<span class=\"excerpt-hellip\"> [\u2026]<\/span><\/p>\n","protected":false},"author":5,"featured_media":83722,"comment_status":"closed","ping_status":"closed","sticky":false,"template":"","format":"standard","meta":{"ngg_post_thumbnail":0,"footnotes":""},"categories":[137,139],"tags":[],"class_list":["post-83710","post","type-post","status-publish","format-standard","has-post-thumbnail","hentry","category-naslovnica","category-sport-kultura-i-udruge"],"_links":{"self":[{"href":"https:\/\/www.slatina.hr\/portal\/wp-json\/wp\/v2\/posts\/83710","targetHints":{"allow":["GET"]}}],"collection":[{"href":"https:\/\/www.slatina.hr\/portal\/wp-json\/wp\/v2\/posts"}],"about":[{"href":"https:\/\/www.slatina.hr\/portal\/wp-json\/wp\/v2\/types\/post"}],"author":[{"embeddable":true,"href":"https:\/\/www.slatina.hr\/portal\/wp-json\/wp\/v2\/users\/5"}],"replies":[{"embeddable":true,"href":"https:\/\/www.slatina.hr\/portal\/wp-json\/wp\/v2\/comments?post=83710"}],"version-history":[{"count":0,"href":"https:\/\/www.slatina.hr\/portal\/wp-json\/wp\/v2\/posts\/83710\/revisions"}],"wp:featuredmedia":[{"embeddable":true,"href":"https:\/\/www.slatina.hr\/portal\/wp-json\/wp\/v2\/media\/83722"}],"wp:attachment":[{"href":"https:\/\/www.slatina.hr\/portal\/wp-json\/wp\/v2\/media?parent=83710"}],"wp:term":[{"taxonomy":"category","embeddable":true,"href":"https:\/\/www.slatina.hr\/portal\/wp-json\/wp\/v2\/categories?post=83710"},{"taxonomy":"post_tag","embeddable":true,"href":"https:\/\/www.slatina.hr\/portal\/wp-json\/wp\/v2\/tags?post=83710"}],"curies":[{"name":"wp","href":"https:\/\/api.w.org\/{rel}","templated":true}]}}