{"id":807,"date":"2013-04-15T09:25:05","date_gmt":"2013-04-15T07:25:05","guid":{"rendered":"http:\/\/www.slatina.hr\/?p=807"},"modified":"2013-04-15T09:25:05","modified_gmt":"2013-04-15T07:25:05","slug":"odrzana-sjednica-povjerenstva-za-prevenciju-na-podrucju-grada-slatine","status":"publish","type":"post","link":"https:\/\/www.slatina.hr\/portal\/odrzana-sjednica-povjerenstva-za-prevenciju-na-podrucju-grada-slatine\/","title":{"rendered":"Odr\u017eana sjednica Povjerenstva za prevenciju na podru\u010dju Grada Slatine"},"content":{"rendered":"<p>U vije\u0107nici Grada Slatine pod predsjedanjem gradona\u010delnika Ivana Ro\u0161ta\u0161a odr\u017eana je sjednica Povjerenstva za prevenciju na podru\u010dju Grada Slatine. Informacije o stanju sigurnosti na podru\u010dju Grada Slatine iznio je na\u010delnik PP Slatina Krunoslav Serti\u0107. Prema statisti\u010dkim pokazateljima u prva tri mjeseca 2013. godine nema oscilacija u odnosu na isti period 2012. godine. Prema strukturi kaznenih djela u domeni gospodarskog kriminaliteta najvi\u0161e ih je vezano uz nedozvoljenu trgovinu duhanom i duhanskim prera\u0111evinama. \u0160to se ti\u010de kaznenih djela iz oblasti op\u0107eg kriminaliteta, kra\u0111e i te\u0161ke kra\u0111e, ove godine evidentirano je\u00a0 12 kaznenih djela, dok je u istom razdoblju pro\u0161le godine evidentirano njih 27, te se ovdje bilje\u017ei pad kaznenih djela. Pad se bilje\u017ei i kod kaznenih djela vezanih uz maloljetni\u010dku delikvenciju i kriminalitet na \u0161tetu mlade\u017ei i obitelji, tako je u prvom tromjese\u010dju ove godine zabilje\u017eeno 10 kaznenih djela, dok ih je pro\u0161le evidentirano 19. Nakon podno\u0161enja izvje\u0161taja \u010dlanovi Povjerenstva slo\u017eili su se, da iako je sigurnosna situacija na podru\u010dju Garda Slatine povoljna, treba nastaviti raditi na prevenciji prekr\u0161aja i kaznenih djela. To se prvenstveno odnosi na suradnju sa obrazovnim institucijama te ugostiteljima. Grad Slatina obavezao se da \u0107e u okviru svojih mogu\u010dnosti nastaviti raditi na prevenciji, s ciljem dizanja kvalitete \u017eivota u gradu. (slatina.hr)<\/p>\n","protected":false},"excerpt":{"rendered":"<p>U vije\u0107nici Grada Slatine pod predsjedanjem gradona\u010delnika Ivana Ro\u0161ta\u0161a odr\u017eana je sjednica Povjerenstva za prevenciju na podru\u010dju Grada Slatine. Informacije o stanju sigurnosti na podru\u010dju<span class=\"excerpt-hellip\"> [\u2026]<\/span><\/p>\n","protected":false},"author":1,"featured_media":809,"comment_status":"closed","ping_status":"closed","sticky":false,"template":"","format":"standard","meta":{"ngg_post_thumbnail":0,"footnotes":""},"categories":[136],"tags":[],"class_list":["post-807","post","type-post","status-publish","format-standard","has-post-thumbnail","hentry","category-grad-slatina"],"_links":{"self":[{"href":"https:\/\/www.slatina.hr\/portal\/wp-json\/wp\/v2\/posts\/807","targetHints":{"allow":["GET"]}}],"collection":[{"href":"https:\/\/www.slatina.hr\/portal\/wp-json\/wp\/v2\/posts"}],"about":[{"href":"https:\/\/www.slatina.hr\/portal\/wp-json\/wp\/v2\/types\/post"}],"author":[{"embeddable":true,"href":"https:\/\/www.slatina.hr\/portal\/wp-json\/wp\/v2\/users\/1"}],"replies":[{"embeddable":true,"href":"https:\/\/www.slatina.hr\/portal\/wp-json\/wp\/v2\/comments?post=807"}],"version-history":[{"count":0,"href":"https:\/\/www.slatina.hr\/portal\/wp-json\/wp\/v2\/posts\/807\/revisions"}],"wp:featuredmedia":[{"embeddable":true,"href":"https:\/\/www.slatina.hr\/portal\/wp-json\/wp\/v2\/media\/809"}],"wp:attachment":[{"href":"https:\/\/www.slatina.hr\/portal\/wp-json\/wp\/v2\/media?parent=807"}],"wp:term":[{"taxonomy":"category","embeddable":true,"href":"https:\/\/www.slatina.hr\/portal\/wp-json\/wp\/v2\/categories?post=807"},{"taxonomy":"post_tag","embeddable":true,"href":"https:\/\/www.slatina.hr\/portal\/wp-json\/wp\/v2\/tags?post=807"}],"curies":[{"name":"wp","href":"https:\/\/api.w.org\/{rel}","templated":true}]}}