{"id":7472,"date":"2014-02-18T13:49:27","date_gmt":"2014-02-18T12:49:27","guid":{"rendered":"http:\/\/www.slatina.hr\/?p=7472"},"modified":"2014-02-18T13:49:27","modified_gmt":"2014-02-18T12:49:27","slug":"lag-marinianis-krenuo-s-animacijom-svog-podrucja","status":"publish","type":"post","link":"https:\/\/www.slatina.hr\/portal\/lag-marinianis-krenuo-s-animacijom-svog-podrucja\/","title":{"rendered":"LAG Marinianis krenuo s animacijom svog podru\u010dja"},"content":{"rendered":"<p>Tajnik Lokalne akcijeske grupe Marinianis iz Slatine, Milan Jankovi\u0107, u Zagrebu je sudjelovao na Tjednu EU fondova \u0161to je bila jedna od uvodnih aktivnosti koje su pred slatinskim LAG-om nakon ostvarivanja 900.000 kuna iz mjere 202 \u201ePriprema i provedba lokalnih strategija ruralnog razvoja\u201c unutar IPARD programa. LAG trenutno radi na animaciji svog podru\u010dja djelovanja koje uklju\u010duje Grad Slatinu i op\u0107ine Nova Bukovica, \u010ca\u0111avica, Sopje, Vo\u0107in i Mikelu\u0161 organiziranjem prezentacije na temu IPARD i kako \u0161to efikasnije ostvariti sredstva za ruralni razvoj. Prvo od tih predavanja ve\u0107 je odr\u017eano u \u010ca\u0111avici a vodio ga je pro\u010delnik Upravnog odjela za zajedni\u010dke poslove i fondove EU, Viroviti\u010dko-podravske \u017eupanije, Tugomir Majdak. Uz to u tijeku su pregovori s udrugama i poduzetnicima kako bi im se otvorila mogu\u0107nost kori\u0161tenja ostvarenih sredstava, te su ve\u0107 dogovorena sufinanciranja nekih od kulturnih manifestacija. (icv.hr)<\/p>\n","protected":false},"excerpt":{"rendered":"<p>Tajnik Lokalne akcijeske grupe Marinianis iz Slatine, Milan Jankovi\u0107, u Zagrebu je sudjelovao na Tjednu EU fondova \u0161to je bila jedna od uvodnih aktivnosti koje<span class=\"excerpt-hellip\"> [\u2026]<\/span><\/p>\n","protected":false},"author":1,"featured_media":7474,"comment_status":"closed","ping_status":"closed","sticky":false,"template":"","format":"standard","meta":{"ngg_post_thumbnail":0,"footnotes":""},"categories":[136],"tags":[],"class_list":["post-7472","post","type-post","status-publish","format-standard","has-post-thumbnail","hentry","category-grad-slatina"],"_links":{"self":[{"href":"https:\/\/www.slatina.hr\/portal\/wp-json\/wp\/v2\/posts\/7472","targetHints":{"allow":["GET"]}}],"collection":[{"href":"https:\/\/www.slatina.hr\/portal\/wp-json\/wp\/v2\/posts"}],"about":[{"href":"https:\/\/www.slatina.hr\/portal\/wp-json\/wp\/v2\/types\/post"}],"author":[{"embeddable":true,"href":"https:\/\/www.slatina.hr\/portal\/wp-json\/wp\/v2\/users\/1"}],"replies":[{"embeddable":true,"href":"https:\/\/www.slatina.hr\/portal\/wp-json\/wp\/v2\/comments?post=7472"}],"version-history":[{"count":0,"href":"https:\/\/www.slatina.hr\/portal\/wp-json\/wp\/v2\/posts\/7472\/revisions"}],"wp:featuredmedia":[{"embeddable":true,"href":"https:\/\/www.slatina.hr\/portal\/wp-json\/wp\/v2\/media\/7474"}],"wp:attachment":[{"href":"https:\/\/www.slatina.hr\/portal\/wp-json\/wp\/v2\/media?parent=7472"}],"wp:term":[{"taxonomy":"category","embeddable":true,"href":"https:\/\/www.slatina.hr\/portal\/wp-json\/wp\/v2\/categories?post=7472"},{"taxonomy":"post_tag","embeddable":true,"href":"https:\/\/www.slatina.hr\/portal\/wp-json\/wp\/v2\/tags?post=7472"}],"curies":[{"name":"wp","href":"https:\/\/api.w.org\/{rel}","templated":true}]}}