{"id":74685,"date":"2018-04-20T08:07:43","date_gmt":"2018-04-20T07:07:43","guid":{"rendered":"http:\/\/www.slatina.hr\/?p=74685"},"modified":"2018-04-20T08:07:43","modified_gmt":"2018-04-20T07:07:43","slug":"odrzan-2-memorijalni-maraton-%cb%9ddavor-soploher-ne-zaboravljeni-heroj","status":"publish","type":"post","link":"https:\/\/www.slatina.hr\/portal\/odrzan-2-memorijalni-maraton-%cb%9ddavor-soploher-ne-zaboravljeni-heroj\/","title":{"rendered":"Odr\u017ean 2. memorijalni maraton \u02ddDavor \u0160oploher &#8211; (ne) zaboravljeni heroj!\u201d"},"content":{"rendered":"<p>Udruga maratonaca Viroviti\u010dko-podravske \u017eupanije \u201eGlasnici istine\u201c ove je godine, po 2. put organizirala memorijalni maraton od Seone kod Na\u0161ica do Slatine, pod nazivom \u201cDavor \u0160oploher &#8211; (ne) zaboravljeni heroj!\u201d.<\/p>\n<p>Maratonci su ju\u010der tr\u010dali u spomen na Davora \u0160oplohera, ratnog zapovjednika specijalne postrojbe Policijske postaje Slatina koja je dala zna\u010dajan doprinos u oslobo\u0111enju okupiranog brdskog dijela biv\u0161e op\u0107ine Podravska Slatina i okupiranog Vo\u0107ina. Davor \u0160oploher preminuo je od zlo\u0107udne bolesti 19. travnja 1999. godine. Od tada se na taj dan svake godine sastaju njegovi suborci, posje\u0107uju njegov grob i odaju mu po\u010dast. Na inicijativu jednog od njih, poznatog slatinskog ultramaratonca, \u010dlana Glasnika istine Gorana Drakslera, pokrenut je ovaj maraton kao podr\u0161ka \u201e\u0160efovim\u201c suborcima i njegovoj udovici Cvijeti.<\/p>\n<p>\u010clanovi Glasnika istine i drugi maratonci okupili su se u Seoni&nbsp;rodnom mjestu Davora \u0160oplohera ispred njegove rodne ku\u0107e od kuda su zapo\u010deli maratonsku dionicu dugu gotovo 45 kilometara do Slatine. Na utrci su se maratoncima pridru\u017eili \u010dlanovi motoklubova Speed iz Slatine i Kumovi iz Virovitice.<br \/>\nPo dolasku maratonaca i bajkera na slatinsko gradsko groblje oko 17 sati, predsjednik Udruge maratonaca Viroviti\u010dko-podravske \u017eupanije \u201eGlasnici istine\u201c Pavo Tutenov zahvalio se svim sudionicima maratona i mnogobrojnim gra\u0111anima \u0161to su svojim dolaskom tako\u0111er dali svoju podr\u0161ku Davorovim suborcima \u0161to je dokaz da \u0107e njegov lik i djelo \u017eivjeti zauvijek.<\/p>\n<p>Po\u010dast preminulom \u0160oploheru odali su paljenjem svije\u0107a na njegovu grobu ratni zapovjednik Policijske postaje Slatina Sjepan Gojmerac i suborci Davora \u0160oplohera, zatim pomo\u0107nik ministra hrvatskih branitelja Nenad Kri\u017ei\u0107 i ratni zapovjednik 136. brigade HV Josip \u010cerni, predsjednik \u017dupanijske skup\u0161tine VP\u017d Miran Jane\u010di\u0107, gradona\u010delnik Grada Slatine Denis Ostro\u0161i\u0107 i privremeni pro\u010delnik Stru\u010dne slu\u017ebe Grada Slatine Krunoslav \u0160arabok, zatim predstavnici brojnih udruga proisteklih iz Domovinskog rata i ratni zapovjednik Specijalne jedinice policije Barun Mirko Horvatin, sudionici maratona i \u010dlanovi Glasnika istine predvo\u0111eni Goranom Drakslerom,&nbsp; te \u010dlanovi motoklubova Speed iz Slatine i Kumovi iz Virovitice.<\/p>\n<p>Davora \u0160oplohera prisjetio se tom prigodom ratni zapovjednik PP Slatina Stjepan Gojmerac koji je naglasio veliko zna\u010denje pripadnika specijalne policije u Slatini kojima ni danas nije priznat zaslu\u017eeni status pripadnika postrojbe za posebne namjene \u0161to bi se mo\u017eda promijenilo da Davora nije tako rano odnijela zlo\u0107udna bolest. &nbsp;<br \/>\nIzaslanik ministra hrvatskih branitelja Nenad Kri\u017ei\u0107 zahvalio se svima na ovom memorijalu, te naglasio da je podr\u0161ka Ministarstva hrvatskih branitelja neizostavna pri ovakvim obilje\u017eavanjima obljetnica, ali i kako bi se svim hrvatskim braniteljima koji su sudjelovali u obrani Republike Hrvatske priznao zaslu\u017eeni status pa tako i pripadnicima Specijalne policije. Isto tako zahvalio se Glasnicima istine \u0161to svojim djelovanjem odaju po\u010dast poginulim hrvatskim braniteljima diljem Hrvatske.<br \/>\nSvoju zahvalu svima koji su do\u0161li na ovogodi\u0161nju obljetnicu uputila je i Cvijeta \u0160oploher, nakon \u010dega je grob Davora \u0160oplohera blagoslovio \u017eupnik slatinske \u017dupe bl. Ivana Merza Nikola Ju\u0161i\u0107.<\/p>\n<p>Poslije komemoracije na gradskom groblju i ove je godine uprili\u010deno tradicionalno dru\u017eenje u slatinskom ugostiteljskom objektu Elida.(www.radioslatina.hr)<\/p>\nngg_shortcode_0_placeholder\n<p>&nbsp;<\/p>\n","protected":false},"excerpt":{"rendered":"<p>Udruga maratonaca Viroviti\u010dko-podravske \u017eupanije \u201eGlasnici istine\u201c ove je godine, po 2. put organizirala memorijalni maraton od Seone kod Na\u0161ica do Slatine, pod nazivom \u201cDavor \u0160oploher<span class=\"excerpt-hellip\"> [\u2026]<\/span><\/p>\n","protected":false},"author":5,"featured_media":74745,"comment_status":"closed","ping_status":"closed","sticky":false,"template":"","format":"standard","meta":{"ngg_post_thumbnail":0,"footnotes":""},"categories":[136,137],"tags":[],"class_list":["post-74685","post","type-post","status-publish","format-standard","has-post-thumbnail","hentry","category-grad-slatina","category-naslovnica"],"_links":{"self":[{"href":"https:\/\/www.slatina.hr\/portal\/wp-json\/wp\/v2\/posts\/74685","targetHints":{"allow":["GET"]}}],"collection":[{"href":"https:\/\/www.slatina.hr\/portal\/wp-json\/wp\/v2\/posts"}],"about":[{"href":"https:\/\/www.slatina.hr\/portal\/wp-json\/wp\/v2\/types\/post"}],"author":[{"embeddable":true,"href":"https:\/\/www.slatina.hr\/portal\/wp-json\/wp\/v2\/users\/5"}],"replies":[{"embeddable":true,"href":"https:\/\/www.slatina.hr\/portal\/wp-json\/wp\/v2\/comments?post=74685"}],"version-history":[{"count":0,"href":"https:\/\/www.slatina.hr\/portal\/wp-json\/wp\/v2\/posts\/74685\/revisions"}],"wp:featuredmedia":[{"embeddable":true,"href":"https:\/\/www.slatina.hr\/portal\/wp-json\/wp\/v2\/media\/74745"}],"wp:attachment":[{"href":"https:\/\/www.slatina.hr\/portal\/wp-json\/wp\/v2\/media?parent=74685"}],"wp:term":[{"taxonomy":"category","embeddable":true,"href":"https:\/\/www.slatina.hr\/portal\/wp-json\/wp\/v2\/categories?post=74685"},{"taxonomy":"post_tag","embeddable":true,"href":"https:\/\/www.slatina.hr\/portal\/wp-json\/wp\/v2\/tags?post=74685"}],"curies":[{"name":"wp","href":"https:\/\/api.w.org\/{rel}","templated":true}]}}