{"id":73648,"date":"2018-04-05T13:24:21","date_gmt":"2018-04-05T12:24:21","guid":{"rendered":"http:\/\/www.slatina.hr\/?p=73648"},"modified":"2018-04-05T13:24:21","modified_gmt":"2018-04-05T12:24:21","slug":"odrzan-sastanak-s-predstavnicima-udruga-proisteklih-iz-domovinskog-rata","status":"publish","type":"post","link":"https:\/\/www.slatina.hr\/portal\/odrzan-sastanak-s-predstavnicima-udruga-proisteklih-iz-domovinskog-rata\/","title":{"rendered":"Odr\u017ean sastanak s predstavnicima udruga proisteklih iz Domovinskog rata"},"content":{"rendered":"<p>Danas su se u nazo\u010dnosti privremenog pro\u010delnika Stru\u010dne slu\u017ebe Grada Slatine Krunoslava \u0160araboka u maloj vije\u0107nici Grada Slatine okupili predstavnici udruga proisteklih iz Domovinskog rata s podru\u010dja Grada Slatine: Hrvatskog \u010casni\u010dkog zbora Slatina Radenko Pavi\u0107, HVIDRA-e Ilija Nikoli\u0107, Udruge dragovoljaca i veterana Domovinskog rata Slatina Ivan Seleni\u0107, Udruge dragovoljaca i veterana Domovinskog rata ogranak Vo\u0107in Darko Bo\u017ei\u010dkovi\u0107, Udruge hrvatskih dragovoljaca Domovinskog rata Slatina \u017deljko Kolinger, Udruge hrvatskih dragovoljaca Domovinskog rata Viroviti\u010dko-podravske \u017eupanije&nbsp; Branko Mihokovi\u0107, Udruge maratonaca Viroviti\u010dko-podravske \u017eupanije Glasnici istine Pavo Tutenov, Udruge roditelja poginulih branitelja Domovinskog rata Slatina-Orahovica Marija Mara\u010di\u0107, Udruge udovica hrvatskih branitelja iz Domovinskog rata Slatina Dragica Mlakar i Udruge veterana vojne policije Viroviti\u010dko-podravske \u017eupanije&nbsp; Dragan Lackovi\u0107.<\/p>\n<p>Na sastanku je dogovorena inicijativa osnivanja Odbora za hrvatske branitelje Grada Slatine koji bi imao funkciju prikupljanja informacija od svih braniteljskih udruga, te daljnju koordinaciju organiziranja aktivnosti po udrugama. Na taj na\u010din izbjegla bi se datumska preklapanja pojedinih doga\u0111anja, a udruge bi mogle jedna drugoj iskazati jo\u0161 ve\u0107u potporu. (www.radioslatina.hr)<\/p>\nngg_shortcode_0_placeholder\n","protected":false},"excerpt":{"rendered":"<p>Danas su se u nazo\u010dnosti privremenog pro\u010delnika Stru\u010dne slu\u017ebe Grada Slatine Krunoslava \u0160araboka u maloj vije\u0107nici Grada Slatine okupili predstavnici udruga proisteklih iz Domovinskog rata<span class=\"excerpt-hellip\"> [\u2026]<\/span><\/p>\n","protected":false},"author":5,"featured_media":73662,"comment_status":"closed","ping_status":"closed","sticky":false,"template":"","format":"standard","meta":{"ngg_post_thumbnail":0,"footnotes":""},"categories":[136,137],"tags":[],"class_list":["post-73648","post","type-post","status-publish","format-standard","has-post-thumbnail","hentry","category-grad-slatina","category-naslovnica"],"_links":{"self":[{"href":"https:\/\/www.slatina.hr\/portal\/wp-json\/wp\/v2\/posts\/73648","targetHints":{"allow":["GET"]}}],"collection":[{"href":"https:\/\/www.slatina.hr\/portal\/wp-json\/wp\/v2\/posts"}],"about":[{"href":"https:\/\/www.slatina.hr\/portal\/wp-json\/wp\/v2\/types\/post"}],"author":[{"embeddable":true,"href":"https:\/\/www.slatina.hr\/portal\/wp-json\/wp\/v2\/users\/5"}],"replies":[{"embeddable":true,"href":"https:\/\/www.slatina.hr\/portal\/wp-json\/wp\/v2\/comments?post=73648"}],"version-history":[{"count":0,"href":"https:\/\/www.slatina.hr\/portal\/wp-json\/wp\/v2\/posts\/73648\/revisions"}],"wp:featuredmedia":[{"embeddable":true,"href":"https:\/\/www.slatina.hr\/portal\/wp-json\/wp\/v2\/media\/73662"}],"wp:attachment":[{"href":"https:\/\/www.slatina.hr\/portal\/wp-json\/wp\/v2\/media?parent=73648"}],"wp:term":[{"taxonomy":"category","embeddable":true,"href":"https:\/\/www.slatina.hr\/portal\/wp-json\/wp\/v2\/categories?post=73648"},{"taxonomy":"post_tag","embeddable":true,"href":"https:\/\/www.slatina.hr\/portal\/wp-json\/wp\/v2\/tags?post=73648"}],"curies":[{"name":"wp","href":"https:\/\/api.w.org\/{rel}","templated":true}]}}