{"id":7238,"date":"2014-01-24T10:30:42","date_gmt":"2014-01-24T09:30:42","guid":{"rendered":"http:\/\/www.slatina.hr\/?p=7238"},"modified":"2014-01-24T10:30:42","modified_gmt":"2014-01-24T09:30:42","slug":"otvoren-rekordni-sajam-viroexpo-koji-ove-godine-okuplja-cak-782-izlagaca-iz-25-zemalja","status":"publish","type":"post","link":"https:\/\/www.slatina.hr\/portal\/otvoren-rekordni-sajam-viroexpo-koji-ove-godine-okuplja-cak-782-izlagaca-iz-25-zemalja\/","title":{"rendered":"Otvoren rekordni sajam Viroexpo, koji ove godine okuplja \u010dak 782 izlaga\u010da iz 25 zemalja"},"content":{"rendered":"<p>Otvoren je rekordni 19. me\u0111unarodni sajam gospodarstva, obrtni\u0161tva i poljoprivrede Viroexpo, koji je ove godine okupio \u010dak 782 izlaga\u010da iz 25 zemalja svijeta. Sve\u010danom otvorenju nazo\u010dili su, uz doma\u0107ina \u017eupana Tomislava Tolu\u0161i\u0107a, ministar poduzetni\u0161tva i obrta Gordan Maras koji je i otvorio sajam, zastupnik u EU parlamentu Andrej Plenkovi\u0107, saborski zastupnici Josip \u0110aki\u0107, Domagoj Ivan Milo\u0161evi\u0107, Branko Hrg i Igor \u010ce\u0161ek, predsjednica \u017dupanijske skup\u0161tine Ana-Marija Petin, zamjenici \u017eupana Sanja Bo\u0161njak, Zdravko Dijakovi\u0107 i Igor Pavkovi\u0107, gradona\u010delnik Virovitice Ivica Kirin, predsjednik HGK \u017dK Virovitica Ivan Slami\u0107, predsjednik HOK OK VP\u017d Vladimir Ivo\u0161, brojni gradona\u010delnici, na\u010delnici op\u0107ina, gospodarstvenici, poduzetnici\u2026<\/p>\n<p>Na otvorenju sajma, u ime Zemlje partner Kraljevine Nizozemske, govorila je voditeljica Ekonomskog odjela Esther Tessemarker. Pokrovitelji 19. me\u0111unarodnog sajma gospodarstva, obrtni\u0161tva i poljoprivrede su Ministarstvo gospodarstva, Ministarstvo poduzetni\u0161tva i obrta, Ministarstvo poljoprivrede, Ministarstvo turizma Ministarstvo regionalnoga razvoja i fondova Europske unije. Organizatori i pokrovitelji su Viroviti\u010dko-podravska \u017eupanija, Grad Virovitica, HGK \u2013 \u017dupanijska komora Virovitica, HOK \u2013 Obrtni\u010dka komora Viroviti\u010dko-podravske \u017eupanije, Turisti\u010dka zajednica Virovit\u010dko-podravske \u017eupanije i Poduzetni\u010dki inkubator Viroviti\u010dko-podravske \u017eupanije. Tehni\u010dki realizator sajma je tvrtka Viroexpo d.o.o. (vpz.hr)<\/p>\n","protected":false},"excerpt":{"rendered":"<p>Otvoren je rekordni 19. me\u0111unarodni sajam gospodarstva, obrtni\u0161tva i poljoprivrede Viroexpo, koji je ove godine okupio \u010dak 782 izlaga\u010da iz 25 zemalja svijeta. Sve\u010danom otvorenju<span class=\"excerpt-hellip\"> [\u2026]<\/span><\/p>\n","protected":false},"author":1,"featured_media":7240,"comment_status":"closed","ping_status":"closed","sticky":false,"template":"","format":"standard","meta":{"ngg_post_thumbnail":0,"footnotes":""},"categories":[138],"tags":[],"class_list":["post-7238","post","type-post","status-publish","format-standard","has-post-thumbnail","hentry","category-zupanija-i-opcine"],"_links":{"self":[{"href":"https:\/\/www.slatina.hr\/portal\/wp-json\/wp\/v2\/posts\/7238","targetHints":{"allow":["GET"]}}],"collection":[{"href":"https:\/\/www.slatina.hr\/portal\/wp-json\/wp\/v2\/posts"}],"about":[{"href":"https:\/\/www.slatina.hr\/portal\/wp-json\/wp\/v2\/types\/post"}],"author":[{"embeddable":true,"href":"https:\/\/www.slatina.hr\/portal\/wp-json\/wp\/v2\/users\/1"}],"replies":[{"embeddable":true,"href":"https:\/\/www.slatina.hr\/portal\/wp-json\/wp\/v2\/comments?post=7238"}],"version-history":[{"count":0,"href":"https:\/\/www.slatina.hr\/portal\/wp-json\/wp\/v2\/posts\/7238\/revisions"}],"wp:featuredmedia":[{"embeddable":true,"href":"https:\/\/www.slatina.hr\/portal\/wp-json\/wp\/v2\/media\/7240"}],"wp:attachment":[{"href":"https:\/\/www.slatina.hr\/portal\/wp-json\/wp\/v2\/media?parent=7238"}],"wp:term":[{"taxonomy":"category","embeddable":true,"href":"https:\/\/www.slatina.hr\/portal\/wp-json\/wp\/v2\/categories?post=7238"},{"taxonomy":"post_tag","embeddable":true,"href":"https:\/\/www.slatina.hr\/portal\/wp-json\/wp\/v2\/tags?post=7238"}],"curies":[{"name":"wp","href":"https:\/\/api.w.org\/{rel}","templated":true}]}}