{"id":7064,"date":"2014-01-13T11:54:52","date_gmt":"2014-01-13T10:54:52","guid":{"rendered":"http:\/\/www.slatina.hr\/?p=7064"},"modified":"2014-01-13T11:54:52","modified_gmt":"2014-01-13T10:54:52","slug":"natjecaj-za-sudionike-drugog-svjetskog-rata","status":"publish","type":"post","link":"https:\/\/www.slatina.hr\/portal\/natjecaj-za-sudionike-drugog-svjetskog-rata\/","title":{"rendered":"Natje\u010daj za sudionike Drugog svjetskog rata"},"content":{"rendered":"<p>Ministarstvo branitelja objavilo je Javni natje\u010daj za sudionike i stradalnike Drugog svjetskog rata. Predmet ovoga Javnog natje\u010daja je prikupljanje pisanih prijedloga projekata udruga sudionika i stradalnika Drugog svjetskog rata sukladno Programu Vlade RH za mandatno razdoblje 2011.-2015. i Strate\u0161kom planu Ministarstva branitelja za razdoblje 2014.-2016. godine. Kako bi bili prihvatljivi za bespovratna sredstva, prijavitelji moraju biti pravne osobe i biti nevladine, neprofitne organizacije \u2013 udruge registrirane prema Zakonu o udrugama (Narodne novine, br. 88\/01 i 11\/02) \u010dije je primarno djelovanje usmjereno na podru\u010dje za\u0161tite interesa i skrbi o sudionicima i stradalnicima Drugog svjetskog rata Prijave na ovaj natje\u010daj podnose se u roku od 30 dana od dana objave, zaklju\u010dno s 10. velja\u010de 2014. godine, a vi\u0161e o samom Javnom natje\u010daju mo\u017eete saznati <a href=\"http:\/\/www.branitelji.hr\/pregled\/javni-natjecaj-za-sudionike-i-stradalnike-drugog-svjetskog-rata-3236\" target=\"_blank\" rel=\"noopener\">ovdje<\/a>. (branitelji.hr)<\/p>\n","protected":false},"excerpt":{"rendered":"<p>Ministarstvo branitelja objavilo je Javni natje\u010daj za sudionike i stradalnike Drugog svjetskog rata. Predmet ovoga Javnog natje\u010daja je prikupljanje pisanih prijedloga projekata udruga sudionika i<span class=\"excerpt-hellip\"> [\u2026]<\/span><\/p>\n","protected":false},"author":1,"featured_media":3664,"comment_status":"closed","ping_status":"closed","sticky":false,"template":"","format":"standard","meta":{"ngg_post_thumbnail":0,"footnotes":""},"categories":[140],"tags":[],"class_list":["post-7064","post","type-post","status-publish","format-standard","has-post-thumbnail","hentry","category-vlada-i-ministarstva"],"_links":{"self":[{"href":"https:\/\/www.slatina.hr\/portal\/wp-json\/wp\/v2\/posts\/7064","targetHints":{"allow":["GET"]}}],"collection":[{"href":"https:\/\/www.slatina.hr\/portal\/wp-json\/wp\/v2\/posts"}],"about":[{"href":"https:\/\/www.slatina.hr\/portal\/wp-json\/wp\/v2\/types\/post"}],"author":[{"embeddable":true,"href":"https:\/\/www.slatina.hr\/portal\/wp-json\/wp\/v2\/users\/1"}],"replies":[{"embeddable":true,"href":"https:\/\/www.slatina.hr\/portal\/wp-json\/wp\/v2\/comments?post=7064"}],"version-history":[{"count":0,"href":"https:\/\/www.slatina.hr\/portal\/wp-json\/wp\/v2\/posts\/7064\/revisions"}],"wp:featuredmedia":[{"embeddable":true,"href":"https:\/\/www.slatina.hr\/portal\/wp-json\/wp\/v2\/media\/3664"}],"wp:attachment":[{"href":"https:\/\/www.slatina.hr\/portal\/wp-json\/wp\/v2\/media?parent=7064"}],"wp:term":[{"taxonomy":"category","embeddable":true,"href":"https:\/\/www.slatina.hr\/portal\/wp-json\/wp\/v2\/categories?post=7064"},{"taxonomy":"post_tag","embeddable":true,"href":"https:\/\/www.slatina.hr\/portal\/wp-json\/wp\/v2\/tags?post=7064"}],"curies":[{"name":"wp","href":"https:\/\/api.w.org\/{rel}","templated":true}]}}