{"id":70108,"date":"2018-02-06T14:03:53","date_gmt":"2018-02-06T13:03:53","guid":{"rendered":"http:\/\/www.slatina.hr\/?p=70108"},"modified":"2018-02-06T14:03:53","modified_gmt":"2018-02-06T13:03:53","slug":"osijeku-odrzana-medunarodna-konferencija-mogucnosti-suradnju-madarsko-hrvatskom-regionalnom-razvoju","status":"publish","type":"post","link":"https:\/\/www.slatina.hr\/portal\/osijeku-odrzana-medunarodna-konferencija-mogucnosti-suradnju-madarsko-hrvatskom-regionalnom-razvoju\/","title":{"rendered":"U Osijeku odr\u017eana me\u0111unarodna konferencija &#8220;Mogu\u0107nosti za suradnju u ma\u0111arsko &#8211; hrvatskom regionalnom razvoju&#8221; &#8211; PANNON EGTC"},"content":{"rendered":"<p>U Osijeku je 5. i 6. velja\u010de odr\u017eana me\u0111unarodna konferencija \u201eMogu\u0107nosti za suradnju u ma\u0111arsko \u2013 hrvatskom regionalnom razvoju\u201c. Konferencija je organizirana kao dio PANNON EGTC grupacije za europsku teritorijalnu suradnju dr\u017eava \u010dlanica EU koja nudi partnerstvo i nove mogu\u0107nosti za financiranje razvojnih programa iz fondova EU. Grupacija ima 57 \u010dlanova od \u010dega je 55 jedinica lokalne samouprave te dvije organizacije.<\/p>\n<p>Prvog dana su na konferenciji ispred Grada Slatine prisustvovali gradona\u010delnik Denis Ostro\u0161i\u0107 i privremeni pro\u010delnik Upravnog odjela za razvoj Grada Slatine Marin Kokori\u0107. Tijekom konferencije predstavljene su mogu\u0107nosti Panonskog EGTS-a kao budu\u0107e suradnje na raznim podru\u010djima, od kontinentalnog turizma, mogu\u0107nosti gospodarske, kulturne i turisti\u010dke suradnje do vrlo va\u017enog prekograni\u010dnog prometa (otvaranje novih grani\u010dnih prijelaza, izgradnja autoceste M6, M60 do hrvatske dr\u017eavne granice, razvoj javnog prometa). &nbsp;<\/p>\n<p>Gradona\u010delnik Ostro\u0161i\u0107 je na konferenciji obavio niz razgovora vezanih uz pripremu projekata Grada Slatine i drugih institucija s podru\u010dja grada Slatine za&nbsp; prekograni\u010dni program INTERREG \u010diji se po\u010detak o\u010dekuje u o\u017eujku. (www.radioslatina.hr)<\/p>\nngg_shortcode_0_placeholder\n","protected":false},"excerpt":{"rendered":"<p>U Osijeku je 5. i 6. velja\u010de odr\u017eana me\u0111unarodna konferencija \u201eMogu\u0107nosti za suradnju u ma\u0111arsko \u2013 hrvatskom regionalnom razvoju\u201c. Konferencija je organizirana kao dio PANNON<span class=\"excerpt-hellip\"> [\u2026]<\/span><\/p>\n","protected":false},"author":5,"featured_media":70124,"comment_status":"closed","ping_status":"closed","sticky":false,"template":"","format":"standard","meta":{"ngg_post_thumbnail":0,"footnotes":""},"categories":[136,137],"tags":[],"class_list":["post-70108","post","type-post","status-publish","format-standard","has-post-thumbnail","hentry","category-grad-slatina","category-naslovnica"],"_links":{"self":[{"href":"https:\/\/www.slatina.hr\/portal\/wp-json\/wp\/v2\/posts\/70108","targetHints":{"allow":["GET"]}}],"collection":[{"href":"https:\/\/www.slatina.hr\/portal\/wp-json\/wp\/v2\/posts"}],"about":[{"href":"https:\/\/www.slatina.hr\/portal\/wp-json\/wp\/v2\/types\/post"}],"author":[{"embeddable":true,"href":"https:\/\/www.slatina.hr\/portal\/wp-json\/wp\/v2\/users\/5"}],"replies":[{"embeddable":true,"href":"https:\/\/www.slatina.hr\/portal\/wp-json\/wp\/v2\/comments?post=70108"}],"version-history":[{"count":0,"href":"https:\/\/www.slatina.hr\/portal\/wp-json\/wp\/v2\/posts\/70108\/revisions"}],"wp:featuredmedia":[{"embeddable":true,"href":"https:\/\/www.slatina.hr\/portal\/wp-json\/wp\/v2\/media\/70124"}],"wp:attachment":[{"href":"https:\/\/www.slatina.hr\/portal\/wp-json\/wp\/v2\/media?parent=70108"}],"wp:term":[{"taxonomy":"category","embeddable":true,"href":"https:\/\/www.slatina.hr\/portal\/wp-json\/wp\/v2\/categories?post=70108"},{"taxonomy":"post_tag","embeddable":true,"href":"https:\/\/www.slatina.hr\/portal\/wp-json\/wp\/v2\/tags?post=70108"}],"curies":[{"name":"wp","href":"https:\/\/api.w.org\/{rel}","templated":true}]}}