{"id":69256,"date":"2017-12-22T08:00:58","date_gmt":"2017-12-22T07:00:58","guid":{"rendered":"http:\/\/www.slatina.hr\/?p=69256"},"modified":"2017-12-22T08:00:58","modified_gmt":"2017-12-22T07:00:58","slug":"predstavnici-gradskog-savjeta-mladih-grada-slatine-aktivno-sudjelovali-radu-koordinacije-gradskih-savjeta-mladih-republike-hrvatske","status":"publish","type":"post","link":"https:\/\/www.slatina.hr\/portal\/predstavnici-gradskog-savjeta-mladih-grada-slatine-aktivno-sudjelovali-radu-koordinacije-gradskih-savjeta-mladih-republike-hrvatske\/","title":{"rendered":"Predstavnici Gradskog savjeta mladih Grada Slatine aktivno sudjelovali u radu Koordinacije Gradskih savjeta mladih Republike Hrvatske"},"content":{"rendered":"<p>17. prosinca u Hotelu Silver u Osijeku odr\u017eana je Izborna skup\u0161tina Koordinacije savjeta mladih Republike Hrvatske, udruge koja okuplja \u010dlanove 31 gradskog Savjeta mladih.<\/p>\n<p>Za predsjednika je izabran Ante \u0160krobica iz Trogira, za zamjenika predsjednika Gracian \u010cop iz Crikvenice, a za glavnog tajnika Ivan Svjetli\u010di\u0107 iz Po\u017eege.<\/p>\n<p>Uz izbor novog predsjedni\u0161tva, \u010dlanovi Skup\u0161tine su donijeli odluku o promjeni Statuta na na\u010din da se u Koordinaciju priklju\u010de i op\u0107inski savjeti mladih, a ne samo gradski kao \u0161to je do sada bilo pravilo.<\/p>\n<p>Skup\u0161tini je prethodilo predavanje \u201cMogu\u0107nost financiranja kroz nacionalne i EU fondove\u201d koje se odr\u017ealo 15. prosinca u Beli\u0161\u0107u i konferencija \u201cHrvatska u svijetu od samostalnosti do danas\u201d koja se odr\u017eala 16. prosinca na Ekonomskom fakultetu u Osijeku.<\/p>\n<p>Na predavanju su sudjelovali mag.iur. Mario Marolin (direktor Lokalne razvojne agencije grada Beli\u0161\u0107a) i mag.oec. Vanja Mili\u010devi\u0107 (direktor Valpova\u010dkog poduzetni\u010dkog centra), a na konferenciji dr.sc. Miro Kova\u010d (predsjednik Odbora za vanjske poslove u Hrvatskom saboru), Jozo Rado\u0161 (zastupnik u Europskom parlamentu), Ivan Jakov\u010di\u0107 (zastupnik u Europskom parlamentu), Damir Pejakovi\u0107 (suvlasnik tvrtke Patrinus d.o.o.) i moderatori: doc.dr.sc. Dra\u017een \u0106u\u0107i\u0107 i novinar Sa\u0161a Drini\u0107.<\/p>\n<p>Na ovom va\u017enom skupu aktivno su sudjelovali i predstavnici Gradskog savjeta mladih Grada Slatine. Njegov predsjednik <strong>Mario \u0110urini\u0107<\/strong> i \u010dlan <strong>Ivan Gribl<\/strong>.<\/p>\n<p>\u0110urini\u0107 nam je tom prilikom rekao:&nbsp; \u2013 <em>\u201cU svibnju 2017. Savjet mladih Grada Slatine primljen je u Koordinaciju Gradskih savjeta mladih Republike Hrvatske, \u010dime je suradnja sa drugim gradskim savjetima omogu\u0107ena i uvelike pobolj\u0161ana.<\/em><\/p>\n<p><em>Udruga koja trenutno okuplja \u010dlanove 30 gradskih savjeta mladih s ciljem razmjene iskustva i davanja savjeta donositeljima odluka za mlade.<\/em><\/p>\n<p><em>Sudjelovanjem na ovakvim predavanjima educiramo se i u neposrednoj komunikaciji sa predstavnicima mladih iz cijele Hrvatske stje\u010demo iskustva kako bismo lak\u0161e i kvalitetne ostvarivali na\u0161e ciljeve. Mladi, kao jedna od najosjetljivijih skupina koja se \u010desto marginalizira i \u010dije se mi\u0161ljenje ne shva\u0107a previ\u0161e ozbiljno su svakako budu\u0107nost i mi\u0161ljenja smo da ih treba \u0161to ranije uklju\u010diti u dru\u0161tvo te ih na taj na\u010din zainteresirati za daljnji anga\u017eman u svim sferama istog, o ovakva okupljanja prvi su korak prema tom cilju.<\/em> <em>&nbsp;Aktivnosti \u0107emo nastaviti i tijekom 2018. godine sudjelovanjem na\u0161ih \u010dlanova na sjednicama Koordinacije kako bi i dalje ostvarivali suradnju sa drugim gradovima i odr\u017eavali polo\u017eaj mladih grada Slatine na Nacionalnoj razini.\u201d<\/em><\/p>\n<p>Iskoristio je priliku te u ime Gradskog savjeta mladih Grada Slatine svim gra\u0111anima Slatine po\u017eelio Sretan Bo\u017ei\u0107 i bo\u017ei\u0107ne blagdane te uspje\u0161nu novu 2018. godinu.<\/p>\nngg_shortcode_0_placeholder\n<h3>&nbsp;<\/h3>\n<h3>Predstavnici Gradskog savjeta mladih sudjelovali na Nacionalnoj konferenciji savjeta mladih Republike Hrvatske u Samoboru.<\/h3>\n<p>Stotinjak sudionika iz vi\u0161e od 40 savjeta mladih iz cijele Hrvatske, me\u0111u kojima su bili i predstavnici slatinskog savjeta mladih <strong>Ivan Re\u0161etar <\/strong>i<strong> Marko Leti\u0107<\/strong>, okupilo se na Nacionalnoj konferenciji savjeta mladih Republike Hrvatske, odr\u017eanoj od 01. do 03. prosinca u Samoboru.<\/p>\n<p>Ovogodi\u0161nja konferencija bila je usmjerena ponajvi\u0161e samim \u010dlanovima te njihovim iskustvima i praksama koje bi ostali savjeti mladih mogli slijediti. Iz tog razloga, u programu je bilo predvi\u0111eno predstavljanje dobrih praksi.<\/p>\n<p>\u2013 Konferencija je imala za cilj oja\u010dati ulogu savjeta mladih u procesima dono\u0161enja odluka i kreiranju lokalnih politika te izgraditi kapacitete \u010dlanova savjeta. Kori\u0161teni su &nbsp;primjeri dobrih praksi iz raznih dijelova Hrvatske.<\/p>\n<p>Osim plenarnog dijela, sredi\u0161nji program Nacionalne konferencije bilo je odr\u017eavanje tematskih radionica koje su imale za cilj mapirati klju\u010dna pitanja i probleme oko eventualnog pobolj\u0161anja aktualnog Zakona o Savjetima mladih te ponuditi neka kratkoro\u010dna konkretna rje\u0161enja za pojedine probleme.<\/p>\n<p>Nacionalna konferencija savjeta mladih RH odr\u017eana je u organizaciji Savjeta mladih Grada Samobora i Udruge gradova.<\/p>\n<p>Na ovogodi\u0161njoj konferenciji sudjelovalo je preko 90 mladih iz vi\u0161e od 50 savjeta mladih Republike Hrvatske. <em>(mk)<\/em><\/p>\nngg_shortcode_1_placeholder\n","protected":false},"excerpt":{"rendered":"<p>17. prosinca u Hotelu Silver u Osijeku odr\u017eana je Izborna skup\u0161tina Koordinacije savjeta mladih Republike Hrvatske, udruge koja okuplja \u010dlanove 31 gradskog Savjeta mladih. Za<span class=\"excerpt-hellip\"> [\u2026]<\/span><\/p>\n","protected":false},"author":3,"featured_media":69282,"comment_status":"closed","ping_status":"closed","sticky":false,"template":"","format":"standard","meta":{"ngg_post_thumbnail":0,"footnotes":""},"categories":[136,137,144],"tags":[],"class_list":["post-69256","post","type-post","status-publish","format-standard","has-post-thumbnail","hentry","category-grad-slatina","category-naslovnica","category-savjet-mladih-grada-slatine"],"_links":{"self":[{"href":"https:\/\/www.slatina.hr\/portal\/wp-json\/wp\/v2\/posts\/69256","targetHints":{"allow":["GET"]}}],"collection":[{"href":"https:\/\/www.slatina.hr\/portal\/wp-json\/wp\/v2\/posts"}],"about":[{"href":"https:\/\/www.slatina.hr\/portal\/wp-json\/wp\/v2\/types\/post"}],"author":[{"embeddable":true,"href":"https:\/\/www.slatina.hr\/portal\/wp-json\/wp\/v2\/users\/3"}],"replies":[{"embeddable":true,"href":"https:\/\/www.slatina.hr\/portal\/wp-json\/wp\/v2\/comments?post=69256"}],"version-history":[{"count":0,"href":"https:\/\/www.slatina.hr\/portal\/wp-json\/wp\/v2\/posts\/69256\/revisions"}],"wp:featuredmedia":[{"embeddable":true,"href":"https:\/\/www.slatina.hr\/portal\/wp-json\/wp\/v2\/media\/69282"}],"wp:attachment":[{"href":"https:\/\/www.slatina.hr\/portal\/wp-json\/wp\/v2\/media?parent=69256"}],"wp:term":[{"taxonomy":"category","embeddable":true,"href":"https:\/\/www.slatina.hr\/portal\/wp-json\/wp\/v2\/categories?post=69256"},{"taxonomy":"post_tag","embeddable":true,"href":"https:\/\/www.slatina.hr\/portal\/wp-json\/wp\/v2\/tags?post=69256"}],"curies":[{"name":"wp","href":"https:\/\/api.w.org\/{rel}","templated":true}]}}