{"id":6907,"date":"2013-12-23T17:45:01","date_gmt":"2013-12-23T16:45:01","guid":{"rendered":"http:\/\/www.slatina.hr\/?p=6907"},"modified":"2013-12-23T17:45:01","modified_gmt":"2013-12-23T16:45:01","slug":"bozicna-cestitka-gradonacelnika-ivana-rostasa","status":"publish","type":"post","link":"https:\/\/www.slatina.hr\/portal\/bozicna-cestitka-gradonacelnika-ivana-rostasa\/","title":{"rendered":"Bo\u017ei\u0107na \u010destitka gradona\u010delnika Ivana Ro\u0161ta\u0161a"},"content":{"rendered":"<p>Gradona\u010delnik grada Slatine uputio je \u010destitku sugra\u0111anima u povodu blagdana Bo\u017ei\u0107a i Nove godine, u kojoj stoji:<\/p>\n<p>Drage sugra\u0111anke i sugra\u0111ani,<\/p>\n<p>neka nam nadolaze\u0107i Bo\u017ei\u0107 podari radost zajedni\u010dkog \u017eivota, mir i sre\u0107u a nova 2014. godina bude bolja i uspje\u0161nija od prethodnih. Samo na\u0161a zajedni\u010dka snaga, volja i upornost istinski su pokreta\u010d na\u0161ega grada zato gledajmo na budu\u0107nost s optimizmom, osna\u017eimo vjeru u sebe i \u017eelju za uspjehom. U svjetlu Kristova ro\u0111enja i s bo\u017ei\u0107nom porukom koja nas upu\u0107uje na skromnost, zajedni\u0161tvo i dobrotu, potaknimo sebe i druge da prema bli\u017enjima budemo bolji, a prema bolesnima i napu\u0161tenima pravedniji i solidarniji.<\/p>\n<p>\u017delim Vam \u010destit i blagoslovljen Bo\u017ei\u0107 i sretnu Novu 2014. godinu.<\/p>\n<p>Va\u0161 gradona\u010delnik<br \/>\nIvan Ro\u0161ta\u0161<\/p>\n","protected":false},"excerpt":{"rendered":"<p>Gradona\u010delnik grada Slatine uputio je \u010destitku sugra\u0111anima u povodu blagdana Bo\u017ei\u0107a i Nove godine, u kojoj stoji: Drage sugra\u0111anke i sugra\u0111ani, neka nam nadolaze\u0107i Bo\u017ei\u0107<span class=\"excerpt-hellip\"> [\u2026]<\/span><\/p>\n","protected":false},"author":1,"featured_media":3480,"comment_status":"closed","ping_status":"closed","sticky":false,"template":"","format":"standard","meta":{"ngg_post_thumbnail":0,"footnotes":""},"categories":[136],"tags":[],"class_list":["post-6907","post","type-post","status-publish","format-standard","has-post-thumbnail","hentry","category-grad-slatina"],"_links":{"self":[{"href":"https:\/\/www.slatina.hr\/portal\/wp-json\/wp\/v2\/posts\/6907","targetHints":{"allow":["GET"]}}],"collection":[{"href":"https:\/\/www.slatina.hr\/portal\/wp-json\/wp\/v2\/posts"}],"about":[{"href":"https:\/\/www.slatina.hr\/portal\/wp-json\/wp\/v2\/types\/post"}],"author":[{"embeddable":true,"href":"https:\/\/www.slatina.hr\/portal\/wp-json\/wp\/v2\/users\/1"}],"replies":[{"embeddable":true,"href":"https:\/\/www.slatina.hr\/portal\/wp-json\/wp\/v2\/comments?post=6907"}],"version-history":[{"count":0,"href":"https:\/\/www.slatina.hr\/portal\/wp-json\/wp\/v2\/posts\/6907\/revisions"}],"wp:featuredmedia":[{"embeddable":true,"href":"https:\/\/www.slatina.hr\/portal\/wp-json\/wp\/v2\/media\/3480"}],"wp:attachment":[{"href":"https:\/\/www.slatina.hr\/portal\/wp-json\/wp\/v2\/media?parent=6907"}],"wp:term":[{"taxonomy":"category","embeddable":true,"href":"https:\/\/www.slatina.hr\/portal\/wp-json\/wp\/v2\/categories?post=6907"},{"taxonomy":"post_tag","embeddable":true,"href":"https:\/\/www.slatina.hr\/portal\/wp-json\/wp\/v2\/tags?post=6907"}],"curies":[{"name":"wp","href":"https:\/\/api.w.org\/{rel}","templated":true}]}}