{"id":67905,"date":"2017-11-09T16:39:23","date_gmt":"2017-11-09T15:39:23","guid":{"rendered":"http:\/\/www.slatina.hr\/?p=67905"},"modified":"2017-11-09T16:39:23","modified_gmt":"2017-11-09T15:39:23","slug":"obitelji-tasic-i-dalje-potrebna-pomoc","status":"publish","type":"post","link":"https:\/\/www.slatina.hr\/portal\/obitelji-tasic-i-dalje-potrebna-pomoc\/","title":{"rendered":"Obitelji Ta\u0161i\u0107 i dalje potrebna pomo\u0107"},"content":{"rendered":"<p>Danas su gradona\u010delnik Grada Slatine Denis Ostro\u0161i\u0107 i direktor Vinarije \u201eStari podrum\u201c Ivan Halas posjetili obitelj Ta\u0161i\u0107 u \u0106eralijama. Potaknuti reakcijom \u0161ire dru\u0161tvene zajednice i humanitarnim akcijama za skupljanje sredstava za te\u0161ko ozlije\u0111enog Stipu Ta\u0161i\u0107a, na inicijativu gospodina Halasa, odlu\u010dili su financijski pomo\u0107i i pru\u017eiti podr\u0161ku obitelji Ta\u0161i\u0107.<br \/>\nPodsje\u0107amo, 14. studenog pro\u0161le godine, prilikom putovanja na posao, Stipe je do\u017eivio prometnu nesre\u0107u i pretrpio je te\u0161ka o\u0161te\u0107enja vratne kralje\u017enice. Nepokretan je i osim glave ne mo\u017ee pomaknut ni jedan drugi dio tijela. Godinu dana pretraga i konvencionalnih metoda lije\u010denje nije dalo napretka, dok su ovih dana rje\u0161enje ponudili specijalisti iz Poliklinike Glavi\u0107 u Zagrebu, koji uz najnoviju tehnologiju i neurorehabilitacijsko roboti\u010dko lije\u010denje garantiraju vidljive pomake. Predvi\u0111a se potpuno vra\u0107anje u funkciju ruku, a ne mora se ni re\u0107i koliko bi to zna\u010dilo za \u017eivot 24-godi\u0161njeg mladi\u0107a.<br \/>\nStipe treba \u0161to hitnije na lije\u010denje, a problem je u tome \u0161to HZZO nema predvi\u0111eno podmirenje tro\u0161kova lije\u010denja. Tjedni tro\u0161ak lije\u010denja, koje \u0107e trajati 3 mjeseca, je 10.000 kn, a time ukupni tro\u0161ak samog lije\u010denja iznosi 130.000 kn! Osim lije\u010denja Stipe mora i boraviti u Zagrebu, i to \u0161to bli\u017ee samoj poliklinici u Radni\u010dkoj ulici jer poliklinika trenutno ima popunjene smje\u0161tajne kapacitete. Zbog toga obitelj Ta\u0161i\u0107, osim financijskih sredstava, ima i problem smje\u0161taja kojeg se nadaju uz pomo\u0107 dobrih ljudi ubrzo i rije\u0161iti.<br \/>\nSvoj dobrovoljni prilog ljudi dobre volje mogu uplatiti na ra\u010dun otvoren u PBZ-u na ime Stipe Ta\u0161i\u0107: HR7123400093220478976.(mt, www.vpz.hr)<\/p>\n","protected":false},"excerpt":{"rendered":"<p>Danas su gradona\u010delnik Grada Slatine Denis Ostro\u0161i\u0107 i direktor Vinarije \u201eStari podrum\u201c Ivan Halas posjetili obitelj Ta\u0161i\u0107 u \u0106eralijama. Potaknuti reakcijom \u0161ire dru\u0161tvene zajednice i<span class=\"excerpt-hellip\"> [\u2026]<\/span><\/p>\n","protected":false},"author":1,"featured_media":67907,"comment_status":"closed","ping_status":"closed","sticky":false,"template":"","format":"standard","meta":{"ngg_post_thumbnail":0,"footnotes":""},"categories":[136,137],"tags":[],"class_list":["post-67905","post","type-post","status-publish","format-standard","has-post-thumbnail","hentry","category-grad-slatina","category-naslovnica"],"_links":{"self":[{"href":"https:\/\/www.slatina.hr\/portal\/wp-json\/wp\/v2\/posts\/67905","targetHints":{"allow":["GET"]}}],"collection":[{"href":"https:\/\/www.slatina.hr\/portal\/wp-json\/wp\/v2\/posts"}],"about":[{"href":"https:\/\/www.slatina.hr\/portal\/wp-json\/wp\/v2\/types\/post"}],"author":[{"embeddable":true,"href":"https:\/\/www.slatina.hr\/portal\/wp-json\/wp\/v2\/users\/1"}],"replies":[{"embeddable":true,"href":"https:\/\/www.slatina.hr\/portal\/wp-json\/wp\/v2\/comments?post=67905"}],"version-history":[{"count":0,"href":"https:\/\/www.slatina.hr\/portal\/wp-json\/wp\/v2\/posts\/67905\/revisions"}],"wp:featuredmedia":[{"embeddable":true,"href":"https:\/\/www.slatina.hr\/portal\/wp-json\/wp\/v2\/media\/67907"}],"wp:attachment":[{"href":"https:\/\/www.slatina.hr\/portal\/wp-json\/wp\/v2\/media?parent=67905"}],"wp:term":[{"taxonomy":"category","embeddable":true,"href":"https:\/\/www.slatina.hr\/portal\/wp-json\/wp\/v2\/categories?post=67905"},{"taxonomy":"post_tag","embeddable":true,"href":"https:\/\/www.slatina.hr\/portal\/wp-json\/wp\/v2\/tags?post=67905"}],"curies":[{"name":"wp","href":"https:\/\/api.w.org\/{rel}","templated":true}]}}