{"id":66211,"date":"2017-09-17T10:31:35","date_gmt":"2017-09-17T09:31:35","guid":{"rendered":"http:\/\/www.slatina.hr\/?p=66211"},"modified":"2017-09-17T10:31:35","modified_gmt":"2017-09-17T09:31:35","slug":"savjet-mladih-grada-slatine-planira-brojne-aktivnosti","status":"publish","type":"post","link":"https:\/\/www.slatina.hr\/portal\/savjet-mladih-grada-slatine-planira-brojne-aktivnosti\/","title":{"rendered":"Savjet mladih Grada Slatine planira brojne aktivnosti"},"content":{"rendered":"<p>U petak, 15. rujna, u maloj vije\u0107nici Gradske uprave Grada Slatine odr\u017eana je sjednica Savjeta mladih Grada Slatine kojom je predsjedao predsjednik Savjeta Mario \u0110urini\u0107, a &nbsp;kojoj je prisustvovao i predsjednik Gradskog vije\u0107a Grada Slatine Dario Vrbaslija.<\/p>\n<p>\u0110urini\u0107&nbsp; &nbsp;je &nbsp;informirao \u010dlanove o aktivnostima koje slijede u 2017. godini, &nbsp;&nbsp;koje su &nbsp;\u010dlanovi &nbsp;Savjeta &nbsp;svojim prijedlozima nadopunili. Na sjednici je &nbsp;usvojen i Plan rada za 2018. godinu, a s predsjednikom Gradskog vije\u0107a Darijom Vrbaslijom razgovaralo se o mogu\u0107im suradnjama s gradskim institucijama, Pu\u010dkim otvorenim u\u010dili\u0161tem, Turisti\u010dkom zajednicom grada Slatine&#8230;<\/p>\n<p>\u0110urini\u0107 je tako\u0111er istaknuo da \u0107e se u studenom ove godine u organizaciji Udruge gradova&nbsp; Republike Hrvatske u Slatini odr\u017eati jednodnevna obuka za Savjete mladih na kojoj \u0107e mo\u0107i &nbsp;sudjelovati&nbsp; svi zainteresirani .<\/p>\nngg_shortcode_0_placeholder\n","protected":false},"excerpt":{"rendered":"<p>U petak, 15. rujna, u maloj vije\u0107nici Gradske uprave Grada Slatine odr\u017eana je sjednica Savjeta mladih Grada Slatine kojom je predsjedao predsjednik Savjeta Mario \u0110urini\u0107,<span class=\"excerpt-hellip\"> [\u2026]<\/span><\/p>\n","protected":false},"author":1,"featured_media":66213,"comment_status":"closed","ping_status":"closed","sticky":false,"template":"","format":"standard","meta":{"ngg_post_thumbnail":0,"footnotes":""},"categories":[136,137,144],"tags":[],"class_list":["post-66211","post","type-post","status-publish","format-standard","has-post-thumbnail","hentry","category-grad-slatina","category-naslovnica","category-savjet-mladih-grada-slatine"],"_links":{"self":[{"href":"https:\/\/www.slatina.hr\/portal\/wp-json\/wp\/v2\/posts\/66211","targetHints":{"allow":["GET"]}}],"collection":[{"href":"https:\/\/www.slatina.hr\/portal\/wp-json\/wp\/v2\/posts"}],"about":[{"href":"https:\/\/www.slatina.hr\/portal\/wp-json\/wp\/v2\/types\/post"}],"author":[{"embeddable":true,"href":"https:\/\/www.slatina.hr\/portal\/wp-json\/wp\/v2\/users\/1"}],"replies":[{"embeddable":true,"href":"https:\/\/www.slatina.hr\/portal\/wp-json\/wp\/v2\/comments?post=66211"}],"version-history":[{"count":0,"href":"https:\/\/www.slatina.hr\/portal\/wp-json\/wp\/v2\/posts\/66211\/revisions"}],"wp:featuredmedia":[{"embeddable":true,"href":"https:\/\/www.slatina.hr\/portal\/wp-json\/wp\/v2\/media\/66213"}],"wp:attachment":[{"href":"https:\/\/www.slatina.hr\/portal\/wp-json\/wp\/v2\/media?parent=66211"}],"wp:term":[{"taxonomy":"category","embeddable":true,"href":"https:\/\/www.slatina.hr\/portal\/wp-json\/wp\/v2\/categories?post=66211"},{"taxonomy":"post_tag","embeddable":true,"href":"https:\/\/www.slatina.hr\/portal\/wp-json\/wp\/v2\/tags?post=66211"}],"curies":[{"name":"wp","href":"https:\/\/api.w.org\/{rel}","templated":true}]}}