{"id":62501,"date":"2017-06-22T09:30:23","date_gmt":"2017-06-22T08:30:23","guid":{"rendered":"http:\/\/www.slatina.hr\/?p=62501"},"modified":"2017-06-22T09:30:23","modified_gmt":"2017-06-22T08:30:23","slug":"polaganjem-vijenaca-obiljezen-dan-antifasisticke-borbe","status":"publish","type":"post","link":"https:\/\/www.slatina.hr\/portal\/polaganjem-vijenaca-obiljezen-dan-antifasisticke-borbe\/","title":{"rendered":"Polaganjem vijenaca obilje\u017een Dan antifa\u0161isti\u010dke borbe"},"content":{"rendered":"<p>U povodu Dana antifa\u0161isti\u010dke borbe danas su &nbsp;na Spomen obilje\u017eju poginulim sudionicima i \u017ertvama narodnooslobodila\u010dke borbe u Slatini vijence polo\u017eili predstavnici Grada Slatine predvo\u0111eni gradona\u010delnikom Denisom Ostro\u0161i\u0107em i predsjednikom Gradskog vije\u0107a Grada Slatine Dariom Vrbaslijom, izaslanstvo Viroviti\u010dko-podravske \u017eupanije predvo\u0111eno zamjenikom \u017eupana Igorom Pavkovi\u0107em, te &nbsp;Udruga antifa\u0161isti\u010dkih boraca i antifa\u0161ista Slatina predvo\u0111ena predsjednikom Vladimirom Juri\u0107em.<\/p>\n<p>U \u0161umi Brezovica u sisa\u010dkoj Posavini 22. lipnja 1941. godine osnovana je prva antifa\u0161isti\u010dka postrojba na hrvatskim prostorima, ujedno i prva antihitlerovska postrojba u tada\u0161njoj okupiranoj Europi. Taj dan od 1991. godine u Republici Hrvatskoj slavi se kao Dan antifa\u0161isti\u010dke borbe, dr\u017eavni je praznik i neradni dan.<\/p>\n<p>Nakon polaganja vijenaca zbor \u201eCrveni makovi\u201c izveo je istoimenu pjesmu, a prigodnu recitaciju izvela je Mara Peterko.<\/p>\n<p>&nbsp;<\/p>\nngg_shortcode_0_placeholder\n","protected":false},"excerpt":{"rendered":"<p>U povodu Dana antifa\u0161isti\u010dke borbe danas su &nbsp;na Spomen obilje\u017eju poginulim sudionicima i \u017ertvama narodnooslobodila\u010dke borbe u Slatini vijence polo\u017eili predstavnici Grada Slatine predvo\u0111eni gradona\u010delnikom<span class=\"excerpt-hellip\"> [\u2026]<\/span><\/p>\n","protected":false},"author":1,"featured_media":62513,"comment_status":"closed","ping_status":"closed","sticky":false,"template":"","format":"standard","meta":{"ngg_post_thumbnail":0,"footnotes":""},"categories":[136,137],"tags":[],"class_list":["post-62501","post","type-post","status-publish","format-standard","has-post-thumbnail","hentry","category-grad-slatina","category-naslovnica"],"_links":{"self":[{"href":"https:\/\/www.slatina.hr\/portal\/wp-json\/wp\/v2\/posts\/62501","targetHints":{"allow":["GET"]}}],"collection":[{"href":"https:\/\/www.slatina.hr\/portal\/wp-json\/wp\/v2\/posts"}],"about":[{"href":"https:\/\/www.slatina.hr\/portal\/wp-json\/wp\/v2\/types\/post"}],"author":[{"embeddable":true,"href":"https:\/\/www.slatina.hr\/portal\/wp-json\/wp\/v2\/users\/1"}],"replies":[{"embeddable":true,"href":"https:\/\/www.slatina.hr\/portal\/wp-json\/wp\/v2\/comments?post=62501"}],"version-history":[{"count":0,"href":"https:\/\/www.slatina.hr\/portal\/wp-json\/wp\/v2\/posts\/62501\/revisions"}],"wp:featuredmedia":[{"embeddable":true,"href":"https:\/\/www.slatina.hr\/portal\/wp-json\/wp\/v2\/media\/62513"}],"wp:attachment":[{"href":"https:\/\/www.slatina.hr\/portal\/wp-json\/wp\/v2\/media?parent=62501"}],"wp:term":[{"taxonomy":"category","embeddable":true,"href":"https:\/\/www.slatina.hr\/portal\/wp-json\/wp\/v2\/categories?post=62501"},{"taxonomy":"post_tag","embeddable":true,"href":"https:\/\/www.slatina.hr\/portal\/wp-json\/wp\/v2\/tags?post=62501"}],"curies":[{"name":"wp","href":"https:\/\/api.w.org\/{rel}","templated":true}]}}