{"id":62429,"date":"2017-06-21T07:39:01","date_gmt":"2017-06-21T06:39:01","guid":{"rendered":"http:\/\/www.slatina.hr\/?p=62429"},"modified":"2017-06-21T07:39:01","modified_gmt":"2017-06-21T06:39:01","slug":"foto-mali-zbor-i-pocetnicki-solfeggio-ogs-slatina-odrzali-nastup-u-slatinskom-kinu","status":"publish","type":"post","link":"https:\/\/www.slatina.hr\/portal\/foto-mali-zbor-i-pocetnicki-solfeggio-ogs-slatina-odrzali-nastup-u-slatinskom-kinu\/","title":{"rendered":"Foto: Mali zbor i po\u010detni\u010dki solfeggio OG\u0160 Slatina odr\u017eali nastup u slatinskom kinu"},"content":{"rendered":"<p>Povodom zavr\u0161etka \u0161kolske godine u &nbsp;Pu\u010dkom otvorenom u\u010dili\u0161tu u Slatini polaznici Malog zbora Osnovne glazbene \u0161kole Slatina i polaznici pred\u0161kolskih programa po\u010detni\u010dkog solfeggia(prva i druga grupa) odr\u017eali su prigodni koncert. Nastup su upotpunili i polaznici po\u010detni\u010dkog solfeggia Podru\u010dne \u0161kole iz Orahovice.<\/p>\n<p>To\u010dke nastupa su u Slatini pripremale Andrea Kligl, Sara Mojze\u0161 &nbsp;i Andrijana Jakovi\u0107, a u Orahovici Mateja Tomas.<\/p>\n<p>Okupljene je pozdravila i prigodnim rije\u010dima obratila se zamjenica gradona\u010delnika Grada Slatine Sanja Mrzljak Jovani\u0107.<\/p>\n<p>foto: Robert Turkalj<\/p>\nngg_shortcode_0_placeholder\n","protected":false},"excerpt":{"rendered":"<p>Povodom zavr\u0161etka \u0161kolske godine u &nbsp;Pu\u010dkom otvorenom u\u010dili\u0161tu u Slatini polaznici Malog zbora Osnovne glazbene \u0161kole Slatina i polaznici pred\u0161kolskih programa po\u010detni\u010dkog solfeggia(prva i druga<span class=\"excerpt-hellip\"> [\u2026]<\/span><\/p>\n","protected":false},"author":1,"featured_media":62500,"comment_status":"closed","ping_status":"closed","sticky":false,"template":"","format":"standard","meta":{"ngg_post_thumbnail":0,"footnotes":""},"categories":[136,137],"tags":[],"class_list":["post-62429","post","type-post","status-publish","format-standard","has-post-thumbnail","hentry","category-grad-slatina","category-naslovnica"],"_links":{"self":[{"href":"https:\/\/www.slatina.hr\/portal\/wp-json\/wp\/v2\/posts\/62429","targetHints":{"allow":["GET"]}}],"collection":[{"href":"https:\/\/www.slatina.hr\/portal\/wp-json\/wp\/v2\/posts"}],"about":[{"href":"https:\/\/www.slatina.hr\/portal\/wp-json\/wp\/v2\/types\/post"}],"author":[{"embeddable":true,"href":"https:\/\/www.slatina.hr\/portal\/wp-json\/wp\/v2\/users\/1"}],"replies":[{"embeddable":true,"href":"https:\/\/www.slatina.hr\/portal\/wp-json\/wp\/v2\/comments?post=62429"}],"version-history":[{"count":0,"href":"https:\/\/www.slatina.hr\/portal\/wp-json\/wp\/v2\/posts\/62429\/revisions"}],"wp:featuredmedia":[{"embeddable":true,"href":"https:\/\/www.slatina.hr\/portal\/wp-json\/wp\/v2\/media\/62500"}],"wp:attachment":[{"href":"https:\/\/www.slatina.hr\/portal\/wp-json\/wp\/v2\/media?parent=62429"}],"wp:term":[{"taxonomy":"category","embeddable":true,"href":"https:\/\/www.slatina.hr\/portal\/wp-json\/wp\/v2\/categories?post=62429"},{"taxonomy":"post_tag","embeddable":true,"href":"https:\/\/www.slatina.hr\/portal\/wp-json\/wp\/v2\/tags?post=62429"}],"curies":[{"name":"wp","href":"https:\/\/api.w.org\/{rel}","templated":true}]}}