{"id":6117,"date":"2013-10-25T10:42:57","date_gmt":"2013-10-25T08:42:57","guid":{"rendered":"http:\/\/www.slatina.hr\/?p=6117"},"modified":"2013-10-25T10:42:57","modified_gmt":"2013-10-25T08:42:57","slug":"potpisan-partnerski-sporazum-o-suradnji-na-aktivnostima-samozaposljavanja-u-vpz","status":"publish","type":"post","link":"https:\/\/www.slatina.hr\/portal\/potpisan-partnerski-sporazum-o-suradnji-na-aktivnostima-samozaposljavanja-u-vpz\/","title":{"rendered":"Potpisan Partnerski sporazum o suradnji na aktivnostima samozapo\u0161ljavanja u VP\u017d"},"content":{"rendered":"<p>U sklopu odr\u017eavanja 6. sajma poslova, \u010diji je organizator Hrvatski zavod za zapo\u0161ljavanje Podru\u010dni ured Virovitica, potpisan je Partnerski sporazum o suradnji na aktivnostima samozapo\u0161ljavanja u Viroviti\u010dko-podravskoj \u017eupaniji. Potpisivanju sporazuma nazo\u010dili su zamjenica \u017eupana Sanja Bo\u0161njak, ravnateljica VIDRA-e Agencije za regionalni razvoj Viroviti\u010dko-podravske \u017eupanije Natalija Havidi\u0107, predstojnik HZZ PU Virovitica Ivan Baborski\u2026<\/p>\n<p>Potpisnici Partnerskog sporazuma su Viroviti\u010dko-podravska \u017eupanija, HGK \u017dupanijska komora Virovitica, HOK Obrtni\u010dka komora Viroviti\u010dko-podravske \u017eupanije, VIDRA- Agencija za regionalni razvoj Viroviti\u010dko-podravske \u017eupanije te Poduzetni\u010dki inkubator Viroviti\u010dko-podravske \u017eupanije.<\/p>\n<p>Cilj i svrha osnivanja Partnerstva za samozapo\u0161ljavanje je okupljanje dionika s podru\u010dja Viroviti\u010dko-podravske \u017eupanije radi zajedni\u010dkog rada na poticanju samozapo\u0161ljavanja nezaposlenih osoba i podr\u0161ci samozaposlenim osobama.<\/p>\n<p>Potporom za samozapo\u0161ljavanje \u201eTvoja inicijativa \u2013 tvoje radno mjesto\u201c tijekom 2012. godine putem HZZ-a Podru\u010dnog ureda Virovitica samozaposlila se 61 osoba, a tijekom 2013. godine na takav na\u010din na podru\u010dju Viroviti\u010dko-podravske \u017eupanije vlastiti posao je pokrenulo \u010dak 106 osoba. Svim tako novoosnovanim obrtima, poduze\u0107ima, slobodnim profesijama navedenim sporazumom pru\u017ea se mogu\u0107nost za podr\u0161ku u daljnjem radu i snala\u017eenju na tr\u017ei\u0161tu rada. (vpz.hr)<\/p>\n","protected":false},"excerpt":{"rendered":"<p>U sklopu odr\u017eavanja 6. sajma poslova, \u010diji je organizator Hrvatski zavod za zapo\u0161ljavanje Podru\u010dni ured Virovitica, potpisan je Partnerski sporazum o suradnji na aktivnostima samozapo\u0161ljavanja<span class=\"excerpt-hellip\"> [\u2026]<\/span><\/p>\n","protected":false},"author":1,"featured_media":6119,"comment_status":"closed","ping_status":"closed","sticky":false,"template":"","format":"standard","meta":{"ngg_post_thumbnail":0,"footnotes":""},"categories":[138],"tags":[],"class_list":["post-6117","post","type-post","status-publish","format-standard","has-post-thumbnail","hentry","category-zupanija-i-opcine"],"_links":{"self":[{"href":"https:\/\/www.slatina.hr\/portal\/wp-json\/wp\/v2\/posts\/6117","targetHints":{"allow":["GET"]}}],"collection":[{"href":"https:\/\/www.slatina.hr\/portal\/wp-json\/wp\/v2\/posts"}],"about":[{"href":"https:\/\/www.slatina.hr\/portal\/wp-json\/wp\/v2\/types\/post"}],"author":[{"embeddable":true,"href":"https:\/\/www.slatina.hr\/portal\/wp-json\/wp\/v2\/users\/1"}],"replies":[{"embeddable":true,"href":"https:\/\/www.slatina.hr\/portal\/wp-json\/wp\/v2\/comments?post=6117"}],"version-history":[{"count":0,"href":"https:\/\/www.slatina.hr\/portal\/wp-json\/wp\/v2\/posts\/6117\/revisions"}],"wp:featuredmedia":[{"embeddable":true,"href":"https:\/\/www.slatina.hr\/portal\/wp-json\/wp\/v2\/media\/6119"}],"wp:attachment":[{"href":"https:\/\/www.slatina.hr\/portal\/wp-json\/wp\/v2\/media?parent=6117"}],"wp:term":[{"taxonomy":"category","embeddable":true,"href":"https:\/\/www.slatina.hr\/portal\/wp-json\/wp\/v2\/categories?post=6117"},{"taxonomy":"post_tag","embeddable":true,"href":"https:\/\/www.slatina.hr\/portal\/wp-json\/wp\/v2\/tags?post=6117"}],"curies":[{"name":"wp","href":"https:\/\/api.w.org\/{rel}","templated":true}]}}