{"id":59176,"date":"2017-04-23T21:17:22","date_gmt":"2017-04-23T20:17:22","guid":{"rendered":"http:\/\/www.slatina.hr\/?p=59176"},"modified":"2017-04-23T21:17:22","modified_gmt":"2017-04-23T20:17:22","slug":"objava-biracima-raspisivanju-izbora-zamjenike-opcinskih-nacelnika-gradonacelnika-zupana-iz-reda-nacionalnih-manjina","status":"publish","type":"post","link":"https:\/\/www.slatina.hr\/portal\/objava-biracima-raspisivanju-izbora-zamjenike-opcinskih-nacelnika-gradonacelnika-zupana-iz-reda-nacionalnih-manjina\/","title":{"rendered":"Objava bira\u010dima o raspisivanju izbora za zamjenike op\u0107inskih na\u010delnika, gradona\u010delnika i \u017eupana iz reda nacionalnih manjina"},"content":{"rendered":"<p><a href=\"http:\/\/www.slatina.hr\/wp-content\/uploads\/2017\/04\/Objava-bira\u010dima-nacionalne-manjine.pdf\">Objava bira\u010dima &#8211; nacionalne manjine<\/a><\/p>\n","protected":false},"excerpt":{"rendered":"<p>Objava bira\u010dima &#8211; nacionalne manjine<\/p>\n","protected":false},"author":1,"featured_media":2368,"comment_status":"closed","ping_status":"closed","sticky":false,"template":"","format":"standard","meta":{"ngg_post_thumbnail":0,"footnotes":""},"categories":[150],"tags":[],"class_list":["post-59176","post","type-post","status-publish","format-standard","has-post-thumbnail","hentry","category-lokalni-izbori-2017"],"_links":{"self":[{"href":"https:\/\/www.slatina.hr\/portal\/wp-json\/wp\/v2\/posts\/59176","targetHints":{"allow":["GET"]}}],"collection":[{"href":"https:\/\/www.slatina.hr\/portal\/wp-json\/wp\/v2\/posts"}],"about":[{"href":"https:\/\/www.slatina.hr\/portal\/wp-json\/wp\/v2\/types\/post"}],"author":[{"embeddable":true,"href":"https:\/\/www.slatina.hr\/portal\/wp-json\/wp\/v2\/users\/1"}],"replies":[{"embeddable":true,"href":"https:\/\/www.slatina.hr\/portal\/wp-json\/wp\/v2\/comments?post=59176"}],"version-history":[{"count":0,"href":"https:\/\/www.slatina.hr\/portal\/wp-json\/wp\/v2\/posts\/59176\/revisions"}],"wp:featuredmedia":[{"embeddable":true,"href":"https:\/\/www.slatina.hr\/portal\/wp-json\/wp\/v2\/media\/2368"}],"wp:attachment":[{"href":"https:\/\/www.slatina.hr\/portal\/wp-json\/wp\/v2\/media?parent=59176"}],"wp:term":[{"taxonomy":"category","embeddable":true,"href":"https:\/\/www.slatina.hr\/portal\/wp-json\/wp\/v2\/categories?post=59176"},{"taxonomy":"post_tag","embeddable":true,"href":"https:\/\/www.slatina.hr\/portal\/wp-json\/wp\/v2\/tags?post=59176"}],"curies":[{"name":"wp","href":"https:\/\/api.w.org\/{rel}","templated":true}]}}