{"id":5868,"date":"2013-10-08T10:12:57","date_gmt":"2013-10-08T08:12:57","guid":{"rendered":"http:\/\/www.slatina.hr\/?p=5868"},"modified":"2013-10-08T10:12:57","modified_gmt":"2013-10-08T08:12:57","slug":"gradonacelnik-ivan-rostas-sa-suradnicima-polozio-vijence-u-povodu-dana-neovisnosti","status":"publish","type":"post","link":"https:\/\/www.slatina.hr\/portal\/gradonacelnik-ivan-rostas-sa-suradnicima-polozio-vijence-u-povodu-dana-neovisnosti\/","title":{"rendered":"Gradona\u010delnik Ivan Ro\u0161ta\u0161 sa suradnicima polo\u017eio vijence u povodu Dana neovisnosti"},"content":{"rendered":"<p>U povodu obilje\u017eavanja Dana neovisnosti Republike Hrvatske predstavnici Grada Slatine, predvo\u0111eni gradona\u010delnikom Ivanom Ro\u0161ta\u0161em, zajedno s predstavnicima udruga proiza\u0161lih iz Domovinskog rata polo\u017eili su vijence kod Spomen-obilje\u017eja poginulim hrvatskim braniteljima u Parku 136. slatinske brigade. Vijenac i svije\u0107e polo\u017eeni su i kod Kri\u017ea mu\u010denika na Gradskom groblju \u010dime je odana po\u010dast svim braniteljima i nevinim \u017ertvama koji su polo\u017eili \u017eivote za neovisnost Hrvatske. (icv.hr)<\/p>\n<p><!-- default-view.php -->\n<div\n\tclass=\"ngg-galleryoverview default-view\n\t ngg-ajax-pagination-none\t\"\n\tid=\"ngg-gallery-bab8ac530ffd482a26bf390fb8193e61-1\"\n\tdata-nextgen-gallery-id=\"248\"\n\tdata-gallery-id=\"248\"\n\t\tdata-gallery-name=\"8-10-2021 koncert\"\n\t>\n\n\t\t<!-- Thumbnails -->\n\t\t\t\t<div id=\"ngg-image-0\" class=\"ngg-gallery-thumbnail-box\n\t\t\t\t\t\t\t\t\t\t\t\"\n\t\t\t>\n\t\t\t\t\t\t<div class=\"ngg-gallery-thumbnail\">\n\t\t<a href=\"https:\/\/www.slatina.hr\/portal\/wp-content\/gallery\/8-10-2021-koncert\/IMG_3144_1024x683.JPG?t=1633678130\"\n\t\t\ttitle=\"\"\n\t\t\tdata-src=\"https:\/\/www.slatina.hr\/portal\/wp-content\/gallery\/8-10-2021-koncert\/IMG_3144_1024x683.JPG?t=1633678130\"\n\t\t\tdata-thumbnail=\"https:\/\/www.slatina.hr\/portal\/wp-content\/gallery\/8-10-2021-koncert\/thumbs\/thumbs_IMG_3144_1024x683.JPG?t=1633678130\"\n\t\t\tdata-image-id=\"3566\"\n\t\t\tdata-image-name=\"IMG_3144_1024x683.JPG\"\n\t\t\tdata-title=\"IMG_3144_1024x683\"\n\t\t\tdata-description=\"\"\n\t\t\tdata-image-slug=\"img_3144_1024x683\"\n\t\t\t\t\t\t\t\t\t\t\t\t\t\t\t\t\t\t\t\tclass=\"ngg-fancybox\" rel=\"bab8ac530ffd482a26bf390fb8193e61\">\n\t\t\t\t\t\t\t\t<img\n\t\t\t\t\ttitle=\"IMG_3144_1024x683\"\n\t\t\t\t\talt=\"IMG_3144_1024x683\"\n\t\t\t\t\tsrc=\"https:\/\/www.slatina.hr\/portal\/wp-content\/gallery\/8-10-2021-koncert\/thumbs\/thumbs_IMG_3144_1024x683.JPG?t=1633678130\"\n\t\t\t\t\twidth=\"240\"\n\t\t\t\t\theight=\"160\"\n\t\t\t\t\tstyle=\"max-width:100%;\"\n\t\t\t\t\/>\n\t\t\t<\/a>\n\t\t<\/div>\n\t\t\t\t\t\t\t<\/div>\n\t\t\t\n\t\t\t\t<div id=\"ngg-image-1\" class=\"ngg-gallery-thumbnail-box\n\t\t\t\t\t\t\t\t\t\t\t\"\n\t\t\t>\n\t\t\t\t\t\t<div class=\"ngg-gallery-thumbnail\">\n\t\t<a href=\"https:\/\/www.slatina.hr\/portal\/wp-content\/gallery\/8-10-2021-koncert\/IMG_3164_1024x683.JPG?t=1633678130\"\n\t\t\ttitle=\"\"\n\t\t\tdata-src=\"https:\/\/www.slatina.hr\/portal\/wp-content\/gallery\/8-10-2021-koncert\/IMG_3164_1024x683.JPG?t=1633678130\"\n\t\t\tdata-thumbnail=\"https:\/\/www.slatina.hr\/portal\/wp-content\/gallery\/8-10-2021-koncert\/thumbs\/thumbs_IMG_3164_1024x683.JPG?t=1633678130\"\n\t\t\tdata-image-id=\"3567\"\n\t\t\tdata-image-name=\"IMG_3164_1024x683.JPG\"\n\t\t\tdata-title=\"IMG_3164_1024x683\"\n\t\t\tdata-description=\"\"\n\t\t\tdata-image-slug=\"img_3164_1024x683\"\n\t\t\t\t\t\t\t\t\t\t\t\t\t\t\t\t\t\t\t\tclass=\"ngg-fancybox\" rel=\"bab8ac530ffd482a26bf390fb8193e61\">\n\t\t\t\t\t\t\t\t<img\n\t\t\t\t\ttitle=\"IMG_3164_1024x683\"\n\t\t\t\t\talt=\"IMG_3164_1024x683\"\n\t\t\t\t\tsrc=\"https:\/\/www.slatina.hr\/portal\/wp-content\/gallery\/8-10-2021-koncert\/thumbs\/thumbs_IMG_3164_1024x683.JPG?t=1633678130\"\n\t\t\t\t\twidth=\"240\"\n\t\t\t\t\theight=\"160\"\n\t\t\t\t\tstyle=\"max-width:100%;\"\n\t\t\t\t\/>\n\t\t\t<\/a>\n\t\t<\/div>\n\t\t\t\t\t\t\t<\/div>\n\t\t\t\n\t\t\t\t<div id=\"ngg-image-2\" class=\"ngg-gallery-thumbnail-box\n\t\t\t\t\t\t\t\t\t\t\t\"\n\t\t\t>\n\t\t\t\t\t\t<div class=\"ngg-gallery-thumbnail\">\n\t\t<a href=\"https:\/\/www.slatina.hr\/portal\/wp-content\/gallery\/8-10-2021-koncert\/IMG_3147_1024x683.JPG?t=1633678129\"\n\t\t\ttitle=\"\"\n\t\t\tdata-src=\"https:\/\/www.slatina.hr\/portal\/wp-content\/gallery\/8-10-2021-koncert\/IMG_3147_1024x683.JPG?t=1633678129\"\n\t\t\tdata-thumbnail=\"https:\/\/www.slatina.hr\/portal\/wp-content\/gallery\/8-10-2021-koncert\/thumbs\/thumbs_IMG_3147_1024x683.JPG?t=1633678129\"\n\t\t\tdata-image-id=\"3568\"\n\t\t\tdata-image-name=\"IMG_3147_1024x683.JPG\"\n\t\t\tdata-title=\"IMG_3147_1024x683\"\n\t\t\tdata-description=\"\"\n\t\t\tdata-image-slug=\"img_3147_1024x683\"\n\t\t\t\t\t\t\t\t\t\t\t\t\t\t\t\t\t\t\t\tclass=\"ngg-fancybox\" rel=\"bab8ac530ffd482a26bf390fb8193e61\">\n\t\t\t\t\t\t\t\t<img\n\t\t\t\t\ttitle=\"IMG_3147_1024x683\"\n\t\t\t\t\talt=\"IMG_3147_1024x683\"\n\t\t\t\t\tsrc=\"https:\/\/www.slatina.hr\/portal\/wp-content\/gallery\/8-10-2021-koncert\/thumbs\/thumbs_IMG_3147_1024x683.JPG?t=1633678129\"\n\t\t\t\t\twidth=\"240\"\n\t\t\t\t\theight=\"160\"\n\t\t\t\t\tstyle=\"max-width:100%;\"\n\t\t\t\t\/>\n\t\t\t<\/a>\n\t\t<\/div>\n\t\t\t\t\t\t\t<\/div>\n\t\t\t\n\t\t\t\t<div id=\"ngg-image-3\" class=\"ngg-gallery-thumbnail-box\n\t\t\t\t\t\t\t\t\t\t\t\"\n\t\t\t>\n\t\t\t\t\t\t<div class=\"ngg-gallery-thumbnail\">\n\t\t<a href=\"https:\/\/www.slatina.hr\/portal\/wp-content\/gallery\/8-10-2021-koncert\/IMG_3141_1024x683.JPG?t=1633678130\"\n\t\t\ttitle=\"\"\n\t\t\tdata-src=\"https:\/\/www.slatina.hr\/portal\/wp-content\/gallery\/8-10-2021-koncert\/IMG_3141_1024x683.JPG?t=1633678130\"\n\t\t\tdata-thumbnail=\"https:\/\/www.slatina.hr\/portal\/wp-content\/gallery\/8-10-2021-koncert\/thumbs\/thumbs_IMG_3141_1024x683.JPG?t=1633678130\"\n\t\t\tdata-image-id=\"3569\"\n\t\t\tdata-image-name=\"IMG_3141_1024x683.JPG\"\n\t\t\tdata-title=\"IMG_3141_1024x683\"\n\t\t\tdata-description=\"\"\n\t\t\tdata-image-slug=\"img_3141_1024x683\"\n\t\t\t\t\t\t\t\t\t\t\t\t\t\t\t\t\t\t\t\tclass=\"ngg-fancybox\" rel=\"bab8ac530ffd482a26bf390fb8193e61\">\n\t\t\t\t\t\t\t\t<img\n\t\t\t\t\ttitle=\"IMG_3141_1024x683\"\n\t\t\t\t\talt=\"IMG_3141_1024x683\"\n\t\t\t\t\tsrc=\"https:\/\/www.slatina.hr\/portal\/wp-content\/gallery\/8-10-2021-koncert\/thumbs\/thumbs_IMG_3141_1024x683.JPG?t=1633678130\"\n\t\t\t\t\twidth=\"240\"\n\t\t\t\t\theight=\"160\"\n\t\t\t\t\tstyle=\"max-width:100%;\"\n\t\t\t\t\/>\n\t\t\t<\/a>\n\t\t<\/div>\n\t\t\t\t\t\t\t<\/div>\n\t\t\t\n\t\t\t\t<div id=\"ngg-image-4\" class=\"ngg-gallery-thumbnail-box\n\t\t\t\t\t\t\t\t\t\t\t\"\n\t\t\t>\n\t\t\t\t\t\t<div class=\"ngg-gallery-thumbnail\">\n\t\t<a href=\"https:\/\/www.slatina.hr\/portal\/wp-content\/gallery\/8-10-2021-koncert\/IMG_3159_1024x683.JPG?t=1633678130\"\n\t\t\ttitle=\"\"\n\t\t\tdata-src=\"https:\/\/www.slatina.hr\/portal\/wp-content\/gallery\/8-10-2021-koncert\/IMG_3159_1024x683.JPG?t=1633678130\"\n\t\t\tdata-thumbnail=\"https:\/\/www.slatina.hr\/portal\/wp-content\/gallery\/8-10-2021-koncert\/thumbs\/thumbs_IMG_3159_1024x683.JPG?t=1633678130\"\n\t\t\tdata-image-id=\"3570\"\n\t\t\tdata-image-name=\"IMG_3159_1024x683.JPG\"\n\t\t\tdata-title=\"IMG_3159_1024x683\"\n\t\t\tdata-description=\"\"\n\t\t\tdata-image-slug=\"img_3159_1024x683\"\n\t\t\t\t\t\t\t\t\t\t\t\t\t\t\t\t\t\t\t\tclass=\"ngg-fancybox\" rel=\"bab8ac530ffd482a26bf390fb8193e61\">\n\t\t\t\t\t\t\t\t<img\n\t\t\t\t\ttitle=\"IMG_3159_1024x683\"\n\t\t\t\t\talt=\"IMG_3159_1024x683\"\n\t\t\t\t\tsrc=\"https:\/\/www.slatina.hr\/portal\/wp-content\/gallery\/8-10-2021-koncert\/thumbs\/thumbs_IMG_3159_1024x683.JPG?t=1633678130\"\n\t\t\t\t\twidth=\"240\"\n\t\t\t\t\theight=\"160\"\n\t\t\t\t\tstyle=\"max-width:100%;\"\n\t\t\t\t\/>\n\t\t\t<\/a>\n\t\t<\/div>\n\t\t\t\t\t\t\t<\/div>\n\t\t\t\n\t\t\t\t<div id=\"ngg-image-5\" class=\"ngg-gallery-thumbnail-box\n\t\t\t\t\t\t\t\t\t\t\t\"\n\t\t\t>\n\t\t\t\t\t\t<div class=\"ngg-gallery-thumbnail\">\n\t\t<a href=\"https:\/\/www.slatina.hr\/portal\/wp-content\/gallery\/8-10-2021-koncert\/IMG_3171_1024x683.JPG?t=1633678130\"\n\t\t\ttitle=\"\"\n\t\t\tdata-src=\"https:\/\/www.slatina.hr\/portal\/wp-content\/gallery\/8-10-2021-koncert\/IMG_3171_1024x683.JPG?t=1633678130\"\n\t\t\tdata-thumbnail=\"https:\/\/www.slatina.hr\/portal\/wp-content\/gallery\/8-10-2021-koncert\/thumbs\/thumbs_IMG_3171_1024x683.JPG?t=1633678130\"\n\t\t\tdata-image-id=\"3571\"\n\t\t\tdata-image-name=\"IMG_3171_1024x683.JPG\"\n\t\t\tdata-title=\"IMG_3171_1024x683\"\n\t\t\tdata-description=\"\"\n\t\t\tdata-image-slug=\"img_3171_1024x683-1\"\n\t\t\t\t\t\t\t\t\t\t\t\t\t\t\t\t\t\t\t\tclass=\"ngg-fancybox\" rel=\"bab8ac530ffd482a26bf390fb8193e61\">\n\t\t\t\t\t\t\t\t<img\n\t\t\t\t\ttitle=\"IMG_3171_1024x683\"\n\t\t\t\t\talt=\"IMG_3171_1024x683\"\n\t\t\t\t\tsrc=\"https:\/\/www.slatina.hr\/portal\/wp-content\/gallery\/8-10-2021-koncert\/thumbs\/thumbs_IMG_3171_1024x683.JPG?t=1633678130\"\n\t\t\t\t\twidth=\"240\"\n\t\t\t\t\theight=\"160\"\n\t\t\t\t\tstyle=\"max-width:100%;\"\n\t\t\t\t\/>\n\t\t\t<\/a>\n\t\t<\/div>\n\t\t\t\t\t\t\t<\/div>\n\t\t\t\n\t\t\t\t<div id=\"ngg-image-6\" class=\"ngg-gallery-thumbnail-box\n\t\t\t\t\t\t\t\t\t\t\t\"\n\t\t\t>\n\t\t\t\t\t\t<div class=\"ngg-gallery-thumbnail\">\n\t\t<a href=\"https:\/\/www.slatina.hr\/portal\/wp-content\/gallery\/8-10-2021-koncert\/IMG_3173_1024x683.JPG?t=1633678130\"\n\t\t\ttitle=\"\"\n\t\t\tdata-src=\"https:\/\/www.slatina.hr\/portal\/wp-content\/gallery\/8-10-2021-koncert\/IMG_3173_1024x683.JPG?t=1633678130\"\n\t\t\tdata-thumbnail=\"https:\/\/www.slatina.hr\/portal\/wp-content\/gallery\/8-10-2021-koncert\/thumbs\/thumbs_IMG_3173_1024x683.JPG?t=1633678130\"\n\t\t\tdata-image-id=\"3572\"\n\t\t\tdata-image-name=\"IMG_3173_1024x683.JPG\"\n\t\t\tdata-title=\"IMG_3173_1024x683\"\n\t\t\tdata-description=\"\"\n\t\t\tdata-image-slug=\"img_3173_1024x683\"\n\t\t\t\t\t\t\t\t\t\t\t\t\t\t\t\t\t\t\t\tclass=\"ngg-fancybox\" rel=\"bab8ac530ffd482a26bf390fb8193e61\">\n\t\t\t\t\t\t\t\t<img\n\t\t\t\t\ttitle=\"IMG_3173_1024x683\"\n\t\t\t\t\talt=\"IMG_3173_1024x683\"\n\t\t\t\t\tsrc=\"https:\/\/www.slatina.hr\/portal\/wp-content\/gallery\/8-10-2021-koncert\/thumbs\/thumbs_IMG_3173_1024x683.JPG?t=1633678130\"\n\t\t\t\t\twidth=\"240\"\n\t\t\t\t\theight=\"160\"\n\t\t\t\t\tstyle=\"max-width:100%;\"\n\t\t\t\t\/>\n\t\t\t<\/a>\n\t\t<\/div>\n\t\t\t\t\t\t\t<\/div>\n\t\t\t\n\t\t\t\t<div id=\"ngg-image-7\" class=\"ngg-gallery-thumbnail-box\n\t\t\t\t\t\t\t\t\t\t\t\"\n\t\t\t>\n\t\t\t\t\t\t<div class=\"ngg-gallery-thumbnail\">\n\t\t<a href=\"https:\/\/www.slatina.hr\/portal\/wp-content\/gallery\/8-10-2021-koncert\/IMG_3202_1024x683.JPG?t=1633678130\"\n\t\t\ttitle=\"\"\n\t\t\tdata-src=\"https:\/\/www.slatina.hr\/portal\/wp-content\/gallery\/8-10-2021-koncert\/IMG_3202_1024x683.JPG?t=1633678130\"\n\t\t\tdata-thumbnail=\"https:\/\/www.slatina.hr\/portal\/wp-content\/gallery\/8-10-2021-koncert\/thumbs\/thumbs_IMG_3202_1024x683.JPG?t=1633678130\"\n\t\t\tdata-image-id=\"3573\"\n\t\t\tdata-image-name=\"IMG_3202_1024x683.JPG\"\n\t\t\tdata-title=\"IMG_3202_1024x683\"\n\t\t\tdata-description=\"\"\n\t\t\tdata-image-slug=\"img_3202_1024x683\"\n\t\t\t\t\t\t\t\t\t\t\t\t\t\t\t\t\t\t\t\tclass=\"ngg-fancybox\" rel=\"bab8ac530ffd482a26bf390fb8193e61\">\n\t\t\t\t\t\t\t\t<img\n\t\t\t\t\ttitle=\"IMG_3202_1024x683\"\n\t\t\t\t\talt=\"IMG_3202_1024x683\"\n\t\t\t\t\tsrc=\"https:\/\/www.slatina.hr\/portal\/wp-content\/gallery\/8-10-2021-koncert\/thumbs\/thumbs_IMG_3202_1024x683.JPG?t=1633678130\"\n\t\t\t\t\twidth=\"240\"\n\t\t\t\t\theight=\"160\"\n\t\t\t\t\tstyle=\"max-width:100%;\"\n\t\t\t\t\/>\n\t\t\t<\/a>\n\t\t<\/div>\n\t\t\t\t\t\t\t<\/div>\n\t\t\t\n\t\t\t\t<div id=\"ngg-image-8\" class=\"ngg-gallery-thumbnail-box\n\t\t\t\t\t\t\t\t\t\t\t\"\n\t\t\t>\n\t\t\t\t\t\t<div class=\"ngg-gallery-thumbnail\">\n\t\t<a href=\"https:\/\/www.slatina.hr\/portal\/wp-content\/gallery\/8-10-2021-koncert\/IMG_3196_1024x683.JPG?t=1633678130\"\n\t\t\ttitle=\"\"\n\t\t\tdata-src=\"https:\/\/www.slatina.hr\/portal\/wp-content\/gallery\/8-10-2021-koncert\/IMG_3196_1024x683.JPG?t=1633678130\"\n\t\t\tdata-thumbnail=\"https:\/\/www.slatina.hr\/portal\/wp-content\/gallery\/8-10-2021-koncert\/thumbs\/thumbs_IMG_3196_1024x683.JPG?t=1633678130\"\n\t\t\tdata-image-id=\"3574\"\n\t\t\tdata-image-name=\"IMG_3196_1024x683.JPG\"\n\t\t\tdata-title=\"IMG_3196_1024x683\"\n\t\t\tdata-description=\"\"\n\t\t\tdata-image-slug=\"img_3196_1024x683\"\n\t\t\t\t\t\t\t\t\t\t\t\t\t\t\t\t\t\t\t\tclass=\"ngg-fancybox\" rel=\"bab8ac530ffd482a26bf390fb8193e61\">\n\t\t\t\t\t\t\t\t<img\n\t\t\t\t\ttitle=\"IMG_3196_1024x683\"\n\t\t\t\t\talt=\"IMG_3196_1024x683\"\n\t\t\t\t\tsrc=\"https:\/\/www.slatina.hr\/portal\/wp-content\/gallery\/8-10-2021-koncert\/thumbs\/thumbs_IMG_3196_1024x683.JPG?t=1633678130\"\n\t\t\t\t\twidth=\"240\"\n\t\t\t\t\theight=\"160\"\n\t\t\t\t\tstyle=\"max-width:100%;\"\n\t\t\t\t\/>\n\t\t\t<\/a>\n\t\t<\/div>\n\t\t\t\t\t\t\t<\/div>\n\t\t\t\n\t\t\t\t<div id=\"ngg-image-9\" class=\"ngg-gallery-thumbnail-box\n\t\t\t\t\t\t\t\t\t\t\t\"\n\t\t\t>\n\t\t\t\t\t\t<div class=\"ngg-gallery-thumbnail\">\n\t\t<a href=\"https:\/\/www.slatina.hr\/portal\/wp-content\/gallery\/8-10-2021-koncert\/20211007_201459_1024x768.jpg?t=1633678130\"\n\t\t\ttitle=\"\"\n\t\t\tdata-src=\"https:\/\/www.slatina.hr\/portal\/wp-content\/gallery\/8-10-2021-koncert\/20211007_201459_1024x768.jpg?t=1633678130\"\n\t\t\tdata-thumbnail=\"https:\/\/www.slatina.hr\/portal\/wp-content\/gallery\/8-10-2021-koncert\/thumbs\/thumbs_20211007_201459_1024x768.jpg?t=1633678130\"\n\t\t\tdata-image-id=\"3575\"\n\t\t\tdata-image-name=\"20211007_201459_1024x768.jpg\"\n\t\t\tdata-title=\"20211007_201459_1024x768\"\n\t\t\tdata-description=\"\"\n\t\t\tdata-image-slug=\"20211007_201459_1024x768\"\n\t\t\t\t\t\t\t\t\t\t\t\t\t\t\t\t\t\t\t\tclass=\"ngg-fancybox\" rel=\"bab8ac530ffd482a26bf390fb8193e61\">\n\t\t\t\t\t\t\t\t<img\n\t\t\t\t\ttitle=\"20211007_201459_1024x768\"\n\t\t\t\t\talt=\"20211007_201459_1024x768\"\n\t\t\t\t\tsrc=\"https:\/\/www.slatina.hr\/portal\/wp-content\/gallery\/8-10-2021-koncert\/thumbs\/thumbs_20211007_201459_1024x768.jpg?t=1633678130\"\n\t\t\t\t\twidth=\"240\"\n\t\t\t\t\theight=\"160\"\n\t\t\t\t\tstyle=\"max-width:100%;\"\n\t\t\t\t\/>\n\t\t\t<\/a>\n\t\t<\/div>\n\t\t\t\t\t\t\t<\/div>\n\t\t\t\n\t\t\t\t<div id=\"ngg-image-10\" class=\"ngg-gallery-thumbnail-box\n\t\t\t\t\t\t\t\t\t\t\t\"\n\t\t\t>\n\t\t\t\t\t\t<div class=\"ngg-gallery-thumbnail\">\n\t\t<a href=\"https:\/\/www.slatina.hr\/portal\/wp-content\/gallery\/8-10-2021-koncert\/IMG_3211_1024x683.JPG?t=1633678130\"\n\t\t\ttitle=\"\"\n\t\t\tdata-src=\"https:\/\/www.slatina.hr\/portal\/wp-content\/gallery\/8-10-2021-koncert\/IMG_3211_1024x683.JPG?t=1633678130\"\n\t\t\tdata-thumbnail=\"https:\/\/www.slatina.hr\/portal\/wp-content\/gallery\/8-10-2021-koncert\/thumbs\/thumbs_IMG_3211_1024x683.JPG?t=1633678130\"\n\t\t\tdata-image-id=\"3576\"\n\t\t\tdata-image-name=\"IMG_3211_1024x683.JPG\"\n\t\t\tdata-title=\"IMG_3211_1024x683\"\n\t\t\tdata-description=\"\"\n\t\t\tdata-image-slug=\"img_3211_1024x683-1\"\n\t\t\t\t\t\t\t\t\t\t\t\t\t\t\t\t\t\t\t\tclass=\"ngg-fancybox\" rel=\"bab8ac530ffd482a26bf390fb8193e61\">\n\t\t\t\t\t\t\t\t<img\n\t\t\t\t\ttitle=\"IMG_3211_1024x683\"\n\t\t\t\t\talt=\"IMG_3211_1024x683\"\n\t\t\t\t\tsrc=\"https:\/\/www.slatina.hr\/portal\/wp-content\/gallery\/8-10-2021-koncert\/thumbs\/thumbs_IMG_3211_1024x683.JPG?t=1633678130\"\n\t\t\t\t\twidth=\"240\"\n\t\t\t\t\theight=\"160\"\n\t\t\t\t\tstyle=\"max-width:100%;\"\n\t\t\t\t\/>\n\t\t\t<\/a>\n\t\t<\/div>\n\t\t\t\t\t\t\t<\/div>\n\t\t\t\n\t\t\t\t<div id=\"ngg-image-11\" class=\"ngg-gallery-thumbnail-box\n\t\t\t\t\t\t\t\t\t\t\t\"\n\t\t\t>\n\t\t\t\t\t\t<div class=\"ngg-gallery-thumbnail\">\n\t\t<a href=\"https:\/\/www.slatina.hr\/portal\/wp-content\/gallery\/8-10-2021-koncert\/20.jpg?t=1633678130\"\n\t\t\ttitle=\"\"\n\t\t\tdata-src=\"https:\/\/www.slatina.hr\/portal\/wp-content\/gallery\/8-10-2021-koncert\/20.jpg?t=1633678130\"\n\t\t\tdata-thumbnail=\"https:\/\/www.slatina.hr\/portal\/wp-content\/gallery\/8-10-2021-koncert\/thumbs\/thumbs_20.jpg?t=1633678130\"\n\t\t\tdata-image-id=\"3577\"\n\t\t\tdata-image-name=\"20.jpg\"\n\t\t\tdata-title=\"20\"\n\t\t\tdata-description=\"\"\n\t\t\tdata-image-slug=\"20\"\n\t\t\t\t\t\t\t\t\t\t\t\t\t\t\t\t\t\t\t\tclass=\"ngg-fancybox\" rel=\"bab8ac530ffd482a26bf390fb8193e61\">\n\t\t\t\t\t\t\t\t<img\n\t\t\t\t\ttitle=\"20\"\n\t\t\t\t\talt=\"20\"\n\t\t\t\t\tsrc=\"https:\/\/www.slatina.hr\/portal\/wp-content\/gallery\/8-10-2021-koncert\/thumbs\/thumbs_20.jpg?t=1633678130\"\n\t\t\t\t\twidth=\"240\"\n\t\t\t\t\theight=\"160\"\n\t\t\t\t\tstyle=\"max-width:100%;\"\n\t\t\t\t\/>\n\t\t\t<\/a>\n\t\t<\/div>\n\t\t\t\t\t\t\t<\/div>\n\t\t\t\n\t\t\t\t<div id=\"ngg-image-12\" class=\"ngg-gallery-thumbnail-box\n\t\t\t\t\t\t\t\t\t\t\t\"\n\t\t\t>\n\t\t\t\t\t\t<div class=\"ngg-gallery-thumbnail\">\n\t\t<a href=\"https:\/\/www.slatina.hr\/portal\/wp-content\/gallery\/8-10-2021-koncert\/20211007_202130_1024x768.jpg?t=1633678130\"\n\t\t\ttitle=\"\"\n\t\t\tdata-src=\"https:\/\/www.slatina.hr\/portal\/wp-content\/gallery\/8-10-2021-koncert\/20211007_202130_1024x768.jpg?t=1633678130\"\n\t\t\tdata-thumbnail=\"https:\/\/www.slatina.hr\/portal\/wp-content\/gallery\/8-10-2021-koncert\/thumbs\/thumbs_20211007_202130_1024x768.jpg?t=1633678130\"\n\t\t\tdata-image-id=\"3578\"\n\t\t\tdata-image-name=\"20211007_202130_1024x768.jpg\"\n\t\t\tdata-title=\"20211007_202130_1024x768\"\n\t\t\tdata-description=\"\"\n\t\t\tdata-image-slug=\"20211007_202130_1024x768\"\n\t\t\t\t\t\t\t\t\t\t\t\t\t\t\t\t\t\t\t\tclass=\"ngg-fancybox\" rel=\"bab8ac530ffd482a26bf390fb8193e61\">\n\t\t\t\t\t\t\t\t<img\n\t\t\t\t\ttitle=\"20211007_202130_1024x768\"\n\t\t\t\t\talt=\"20211007_202130_1024x768\"\n\t\t\t\t\tsrc=\"https:\/\/www.slatina.hr\/portal\/wp-content\/gallery\/8-10-2021-koncert\/thumbs\/thumbs_20211007_202130_1024x768.jpg?t=1633678130\"\n\t\t\t\t\twidth=\"240\"\n\t\t\t\t\theight=\"160\"\n\t\t\t\t\tstyle=\"max-width:100%;\"\n\t\t\t\t\/>\n\t\t\t<\/a>\n\t\t<\/div>\n\t\t\t\t\t\t\t<\/div>\n\t\t\t\n\t\t\t\t<div id=\"ngg-image-13\" class=\"ngg-gallery-thumbnail-box\n\t\t\t\t\t\t\t\t\t\t\t\"\n\t\t\t>\n\t\t\t\t\t\t<div class=\"ngg-gallery-thumbnail\">\n\t\t<a href=\"https:\/\/www.slatina.hr\/portal\/wp-content\/gallery\/8-10-2021-koncert\/20211007_201959_1024x768.jpg?t=1633678130\"\n\t\t\ttitle=\"\"\n\t\t\tdata-src=\"https:\/\/www.slatina.hr\/portal\/wp-content\/gallery\/8-10-2021-koncert\/20211007_201959_1024x768.jpg?t=1633678130\"\n\t\t\tdata-thumbnail=\"https:\/\/www.slatina.hr\/portal\/wp-content\/gallery\/8-10-2021-koncert\/thumbs\/thumbs_20211007_201959_1024x768.jpg?t=1633678130\"\n\t\t\tdata-image-id=\"3579\"\n\t\t\tdata-image-name=\"20211007_201959_1024x768.jpg\"\n\t\t\tdata-title=\"20211007_201959_1024x768\"\n\t\t\tdata-description=\"\"\n\t\t\tdata-image-slug=\"20211007_201959_1024x768\"\n\t\t\t\t\t\t\t\t\t\t\t\t\t\t\t\t\t\t\t\tclass=\"ngg-fancybox\" rel=\"bab8ac530ffd482a26bf390fb8193e61\">\n\t\t\t\t\t\t\t\t<img\n\t\t\t\t\ttitle=\"20211007_201959_1024x768\"\n\t\t\t\t\talt=\"20211007_201959_1024x768\"\n\t\t\t\t\tsrc=\"https:\/\/www.slatina.hr\/portal\/wp-content\/gallery\/8-10-2021-koncert\/thumbs\/thumbs_20211007_201959_1024x768.jpg?t=1633678130\"\n\t\t\t\t\twidth=\"240\"\n\t\t\t\t\theight=\"160\"\n\t\t\t\t\tstyle=\"max-width:100%;\"\n\t\t\t\t\/>\n\t\t\t<\/a>\n\t\t<\/div>\n\t\t\t\t\t\t\t<\/div>\n\t\t\t\n\t\t\t\t<div id=\"ngg-image-14\" class=\"ngg-gallery-thumbnail-box\n\t\t\t\t\t\t\t\t\t\t\t\"\n\t\t\t>\n\t\t\t\t\t\t<div class=\"ngg-gallery-thumbnail\">\n\t\t<a href=\"https:\/\/www.slatina.hr\/portal\/wp-content\/gallery\/8-10-2021-koncert\/20211007_202057_1024x768.jpg?t=1633678130\"\n\t\t\ttitle=\"\"\n\t\t\tdata-src=\"https:\/\/www.slatina.hr\/portal\/wp-content\/gallery\/8-10-2021-koncert\/20211007_202057_1024x768.jpg?t=1633678130\"\n\t\t\tdata-thumbnail=\"https:\/\/www.slatina.hr\/portal\/wp-content\/gallery\/8-10-2021-koncert\/thumbs\/thumbs_20211007_202057_1024x768.jpg?t=1633678130\"\n\t\t\tdata-image-id=\"3580\"\n\t\t\tdata-image-name=\"20211007_202057_1024x768.jpg\"\n\t\t\tdata-title=\"20211007_202057_1024x768\"\n\t\t\tdata-description=\"\"\n\t\t\tdata-image-slug=\"20211007_202057_1024x768\"\n\t\t\t\t\t\t\t\t\t\t\t\t\t\t\t\t\t\t\t\tclass=\"ngg-fancybox\" rel=\"bab8ac530ffd482a26bf390fb8193e61\">\n\t\t\t\t\t\t\t\t<img\n\t\t\t\t\ttitle=\"20211007_202057_1024x768\"\n\t\t\t\t\talt=\"20211007_202057_1024x768\"\n\t\t\t\t\tsrc=\"https:\/\/www.slatina.hr\/portal\/wp-content\/gallery\/8-10-2021-koncert\/thumbs\/thumbs_20211007_202057_1024x768.jpg?t=1633678130\"\n\t\t\t\t\twidth=\"240\"\n\t\t\t\t\theight=\"160\"\n\t\t\t\t\tstyle=\"max-width:100%;\"\n\t\t\t\t\/>\n\t\t\t<\/a>\n\t\t<\/div>\n\t\t\t\t\t\t\t<\/div>\n\t\t\t\n\t\t\t\t<div id=\"ngg-image-15\" class=\"ngg-gallery-thumbnail-box\n\t\t\t\t\t\t\t\t\t\t\t\"\n\t\t\t>\n\t\t\t\t\t\t<div class=\"ngg-gallery-thumbnail\">\n\t\t<a href=\"https:\/\/www.slatina.hr\/portal\/wp-content\/gallery\/8-10-2021-koncert\/20211007_202437_1024x768.jpg?t=1633678130\"\n\t\t\ttitle=\"\"\n\t\t\tdata-src=\"https:\/\/www.slatina.hr\/portal\/wp-content\/gallery\/8-10-2021-koncert\/20211007_202437_1024x768.jpg?t=1633678130\"\n\t\t\tdata-thumbnail=\"https:\/\/www.slatina.hr\/portal\/wp-content\/gallery\/8-10-2021-koncert\/thumbs\/thumbs_20211007_202437_1024x768.jpg?t=1633678130\"\n\t\t\tdata-image-id=\"3581\"\n\t\t\tdata-image-name=\"20211007_202437_1024x768.jpg\"\n\t\t\tdata-title=\"20211007_202437_1024x768\"\n\t\t\tdata-description=\"\"\n\t\t\tdata-image-slug=\"20211007_202437_1024x768\"\n\t\t\t\t\t\t\t\t\t\t\t\t\t\t\t\t\t\t\t\tclass=\"ngg-fancybox\" rel=\"bab8ac530ffd482a26bf390fb8193e61\">\n\t\t\t\t\t\t\t\t<img\n\t\t\t\t\ttitle=\"20211007_202437_1024x768\"\n\t\t\t\t\talt=\"20211007_202437_1024x768\"\n\t\t\t\t\tsrc=\"https:\/\/www.slatina.hr\/portal\/wp-content\/gallery\/8-10-2021-koncert\/thumbs\/thumbs_20211007_202437_1024x768.jpg?t=1633678130\"\n\t\t\t\t\twidth=\"240\"\n\t\t\t\t\theight=\"160\"\n\t\t\t\t\tstyle=\"max-width:100%;\"\n\t\t\t\t\/>\n\t\t\t<\/a>\n\t\t<\/div>\n\t\t\t\t\t\t\t<\/div>\n\t\t\t\n\t\t\t\t<div id=\"ngg-image-16\" class=\"ngg-gallery-thumbnail-box\n\t\t\t\t\t\t\t\t\t\t\t\"\n\t\t\t>\n\t\t\t\t\t\t<div class=\"ngg-gallery-thumbnail\">\n\t\t<a href=\"https:\/\/www.slatina.hr\/portal\/wp-content\/gallery\/8-10-2021-koncert\/20211007_202530_1024x768.jpg?t=1633678130\"\n\t\t\ttitle=\"\"\n\t\t\tdata-src=\"https:\/\/www.slatina.hr\/portal\/wp-content\/gallery\/8-10-2021-koncert\/20211007_202530_1024x768.jpg?t=1633678130\"\n\t\t\tdata-thumbnail=\"https:\/\/www.slatina.hr\/portal\/wp-content\/gallery\/8-10-2021-koncert\/thumbs\/thumbs_20211007_202530_1024x768.jpg?t=1633678130\"\n\t\t\tdata-image-id=\"3582\"\n\t\t\tdata-image-name=\"20211007_202530_1024x768.jpg\"\n\t\t\tdata-title=\"20211007_202530_1024x768\"\n\t\t\tdata-description=\"\"\n\t\t\tdata-image-slug=\"20211007_202530_1024x768\"\n\t\t\t\t\t\t\t\t\t\t\t\t\t\t\t\t\t\t\t\tclass=\"ngg-fancybox\" rel=\"bab8ac530ffd482a26bf390fb8193e61\">\n\t\t\t\t\t\t\t\t<img\n\t\t\t\t\ttitle=\"20211007_202530_1024x768\"\n\t\t\t\t\talt=\"20211007_202530_1024x768\"\n\t\t\t\t\tsrc=\"https:\/\/www.slatina.hr\/portal\/wp-content\/gallery\/8-10-2021-koncert\/thumbs\/thumbs_20211007_202530_1024x768.jpg?t=1633678130\"\n\t\t\t\t\twidth=\"240\"\n\t\t\t\t\theight=\"160\"\n\t\t\t\t\tstyle=\"max-width:100%;\"\n\t\t\t\t\/>\n\t\t\t<\/a>\n\t\t<\/div>\n\t\t\t\t\t\t\t<\/div>\n\t\t\t\n\t\t\t\t<div id=\"ngg-image-17\" class=\"ngg-gallery-thumbnail-box\n\t\t\t\t\t\t\t\t\t\t\t\"\n\t\t\t>\n\t\t\t\t\t\t<div class=\"ngg-gallery-thumbnail\">\n\t\t<a href=\"https:\/\/www.slatina.hr\/portal\/wp-content\/gallery\/8-10-2021-koncert\/20211007_210258_1024x768.jpg?t=1633678130\"\n\t\t\ttitle=\"\"\n\t\t\tdata-src=\"https:\/\/www.slatina.hr\/portal\/wp-content\/gallery\/8-10-2021-koncert\/20211007_210258_1024x768.jpg?t=1633678130\"\n\t\t\tdata-thumbnail=\"https:\/\/www.slatina.hr\/portal\/wp-content\/gallery\/8-10-2021-koncert\/thumbs\/thumbs_20211007_210258_1024x768.jpg?t=1633678130\"\n\t\t\tdata-image-id=\"3583\"\n\t\t\tdata-image-name=\"20211007_210258_1024x768.jpg\"\n\t\t\tdata-title=\"20211007_210258_1024x768\"\n\t\t\tdata-description=\"\"\n\t\t\tdata-image-slug=\"20211007_210258_1024x768\"\n\t\t\t\t\t\t\t\t\t\t\t\t\t\t\t\t\t\t\t\tclass=\"ngg-fancybox\" rel=\"bab8ac530ffd482a26bf390fb8193e61\">\n\t\t\t\t\t\t\t\t<img\n\t\t\t\t\ttitle=\"20211007_210258_1024x768\"\n\t\t\t\t\talt=\"20211007_210258_1024x768\"\n\t\t\t\t\tsrc=\"https:\/\/www.slatina.hr\/portal\/wp-content\/gallery\/8-10-2021-koncert\/thumbs\/thumbs_20211007_210258_1024x768.jpg?t=1633678130\"\n\t\t\t\t\twidth=\"240\"\n\t\t\t\t\theight=\"160\"\n\t\t\t\t\tstyle=\"max-width:100%;\"\n\t\t\t\t\/>\n\t\t\t<\/a>\n\t\t<\/div>\n\t\t\t\t\t\t\t<\/div>\n\t\t\t\n\t\t\t\t<div id=\"ngg-image-18\" class=\"ngg-gallery-thumbnail-box\n\t\t\t\t\t\t\t\t\t\t\t\"\n\t\t\t>\n\t\t\t\t\t\t<div class=\"ngg-gallery-thumbnail\">\n\t\t<a href=\"https:\/\/www.slatina.hr\/portal\/wp-content\/gallery\/8-10-2021-koncert\/IMG_2961_1024x683.JPG?t=1633678130\"\n\t\t\ttitle=\"\"\n\t\t\tdata-src=\"https:\/\/www.slatina.hr\/portal\/wp-content\/gallery\/8-10-2021-koncert\/IMG_2961_1024x683.JPG?t=1633678130\"\n\t\t\tdata-thumbnail=\"https:\/\/www.slatina.hr\/portal\/wp-content\/gallery\/8-10-2021-koncert\/thumbs\/thumbs_IMG_2961_1024x683.JPG?t=1633678130\"\n\t\t\tdata-image-id=\"3584\"\n\t\t\tdata-image-name=\"IMG_2961_1024x683.JPG\"\n\t\t\tdata-title=\"IMG_2961_1024x683\"\n\t\t\tdata-description=\"\"\n\t\t\tdata-image-slug=\"img_2961_1024x683-1\"\n\t\t\t\t\t\t\t\t\t\t\t\t\t\t\t\t\t\t\t\tclass=\"ngg-fancybox\" rel=\"bab8ac530ffd482a26bf390fb8193e61\">\n\t\t\t\t\t\t\t\t<img\n\t\t\t\t\ttitle=\"IMG_2961_1024x683\"\n\t\t\t\t\talt=\"IMG_2961_1024x683\"\n\t\t\t\t\tsrc=\"https:\/\/www.slatina.hr\/portal\/wp-content\/gallery\/8-10-2021-koncert\/thumbs\/thumbs_IMG_2961_1024x683.JPG?t=1633678130\"\n\t\t\t\t\twidth=\"240\"\n\t\t\t\t\theight=\"160\"\n\t\t\t\t\tstyle=\"max-width:100%;\"\n\t\t\t\t\/>\n\t\t\t<\/a>\n\t\t<\/div>\n\t\t\t\t\t\t\t<\/div>\n\t\t\t\n\t\t\t\t<div id=\"ngg-image-19\" class=\"ngg-gallery-thumbnail-box\n\t\t\t\t\t\t\t\t\t\t\t\"\n\t\t\t>\n\t\t\t\t\t\t<div class=\"ngg-gallery-thumbnail\">\n\t\t<a href=\"https:\/\/www.slatina.hr\/portal\/wp-content\/gallery\/8-10-2021-koncert\/IMG_2984_1024x683.JPG?t=1633678130\"\n\t\t\ttitle=\"\"\n\t\t\tdata-src=\"https:\/\/www.slatina.hr\/portal\/wp-content\/gallery\/8-10-2021-koncert\/IMG_2984_1024x683.JPG?t=1633678130\"\n\t\t\tdata-thumbnail=\"https:\/\/www.slatina.hr\/portal\/wp-content\/gallery\/8-10-2021-koncert\/thumbs\/thumbs_IMG_2984_1024x683.JPG?t=1633678130\"\n\t\t\tdata-image-id=\"3585\"\n\t\t\tdata-image-name=\"IMG_2984_1024x683.JPG\"\n\t\t\tdata-title=\"IMG_2984_1024x683\"\n\t\t\tdata-description=\"\"\n\t\t\tdata-image-slug=\"img_2984_1024x683\"\n\t\t\t\t\t\t\t\t\t\t\t\t\t\t\t\t\t\t\t\tclass=\"ngg-fancybox\" rel=\"bab8ac530ffd482a26bf390fb8193e61\">\n\t\t\t\t\t\t\t\t<img\n\t\t\t\t\ttitle=\"IMG_2984_1024x683\"\n\t\t\t\t\talt=\"IMG_2984_1024x683\"\n\t\t\t\t\tsrc=\"https:\/\/www.slatina.hr\/portal\/wp-content\/gallery\/8-10-2021-koncert\/thumbs\/thumbs_IMG_2984_1024x683.JPG?t=1633678130\"\n\t\t\t\t\twidth=\"240\"\n\t\t\t\t\theight=\"160\"\n\t\t\t\t\tstyle=\"max-width:100%;\"\n\t\t\t\t\/>\n\t\t\t<\/a>\n\t\t<\/div>\n\t\t\t\t\t\t\t<\/div>\n\t\t\t\n\t\n\t<br style=\"clear: both\" \/>\n\n\t\n\t\t<!-- Pagination -->\n\t\t<div class='ngg-navigation'><span class='current'>1<\/span>\n<a class='page-numbers' data-pageid='2' href='https:\/\/www.slatina.hr\/portal\/gradonacelnik-ivan-rostas-sa-suradnicima-polozio-vijence-u-povodu-dana-neovisnosti\/nggallery\/page\/2'>2<\/a>\n<a class='prev' href='https:\/\/www.slatina.hr\/portal\/gradonacelnik-ivan-rostas-sa-suradnicima-polozio-vijence-u-povodu-dana-neovisnosti\/nggallery\/page\/2' data-pageid=\"2\">&#9658;<\/a><\/div>\t<\/div>\n<\/p>\n<p>&nbsp;<\/p>\n","protected":false},"excerpt":{"rendered":"<p>U povodu obilje\u017eavanja Dana neovisnosti Republike Hrvatske predstavnici Grada Slatine, predvo\u0111eni gradona\u010delnikom Ivanom Ro\u0161ta\u0161em, zajedno s predstavnicima udruga proiza\u0161lih iz Domovinskog rata polo\u017eili su vijence<span class=\"excerpt-hellip\"> [\u2026]<\/span><\/p>\n","protected":false},"author":1,"featured_media":5870,"comment_status":"closed","ping_status":"closed","sticky":false,"template":"","format":"standard","meta":{"ngg_post_thumbnail":0,"footnotes":""},"categories":[136],"tags":[],"class_list":["post-5868","post","type-post","status-publish","format-standard","has-post-thumbnail","hentry","category-grad-slatina"],"_links":{"self":[{"href":"https:\/\/www.slatina.hr\/portal\/wp-json\/wp\/v2\/posts\/5868","targetHints":{"allow":["GET"]}}],"collection":[{"href":"https:\/\/www.slatina.hr\/portal\/wp-json\/wp\/v2\/posts"}],"about":[{"href":"https:\/\/www.slatina.hr\/portal\/wp-json\/wp\/v2\/types\/post"}],"author":[{"embeddable":true,"href":"https:\/\/www.slatina.hr\/portal\/wp-json\/wp\/v2\/users\/1"}],"replies":[{"embeddable":true,"href":"https:\/\/www.slatina.hr\/portal\/wp-json\/wp\/v2\/comments?post=5868"}],"version-history":[{"count":0,"href":"https:\/\/www.slatina.hr\/portal\/wp-json\/wp\/v2\/posts\/5868\/revisions"}],"wp:featuredmedia":[{"embeddable":true,"href":"https:\/\/www.slatina.hr\/portal\/wp-json\/wp\/v2\/media\/5870"}],"wp:attachment":[{"href":"https:\/\/www.slatina.hr\/portal\/wp-json\/wp\/v2\/media?parent=5868"}],"wp:term":[{"taxonomy":"category","embeddable":true,"href":"https:\/\/www.slatina.hr\/portal\/wp-json\/wp\/v2\/categories?post=5868"},{"taxonomy":"post_tag","embeddable":true,"href":"https:\/\/www.slatina.hr\/portal\/wp-json\/wp\/v2\/tags?post=5868"}],"curies":[{"name":"wp","href":"https:\/\/api.w.org\/{rel}","templated":true}]}}