{"id":57897,"date":"2017-03-04T14:22:00","date_gmt":"2017-03-04T13:22:00","guid":{"rendered":"http:\/\/www.slatina.hr\/?p=57897"},"modified":"2017-03-04T14:22:00","modified_gmt":"2017-03-04T13:22:00","slug":"odrzana-godisnja-izvjestajna-skupstina-slatinske-hvidr-e","status":"publish","type":"post","link":"https:\/\/www.slatina.hr\/portal\/odrzana-godisnja-izvjestajna-skupstina-slatinske-hvidr-e\/","title":{"rendered":"Odr\u017eana godi\u0161nja izvje\u0161tajna skup\u0161tina slatinske HVIDR-e"},"content":{"rendered":"<p>U Hrvatskom domu u Slatini danas je odr\u017eana redovna godi\u0161nja izvje\u0161tajna Skup\u0161tina&nbsp; udruge&nbsp; HVIDR-a Slatina.<\/p>\n<p>Skup\u0161tini su osim 57 \u010dlanova HVIDR-e prisustvovali i brojni gosti me\u0111u kojima su bili pomo\u0107nik ministra hrvatskih branitelja Nenad Kri\u017ei\u0107, obna\u0161ateljica du\u017enosti \u017eupana VP\u017d Sanja Bo\u0161njak, gradona\u010delnik grada Slatine Ivan Ro\u0161ta\u0161, na\u010delnik Op\u0107ine \u010ca\u0111avica Mirko Ron\u010devi\u0107 te predsjednici i izaslanici gradskih i \u017eupanijskih udruga proiza\u0161lih iz Domovinskog rata.<\/p>\n<p>Iscrpno izvje\u0161\u0107e o radu u 2016. godini iznio je predsjednik slatinske HVIDR-e Mato Buba\u0161. Me\u0111u brojnim aktivnostima, suradnjama s drugim udrugama i projektima koji su u protekloj godini realizirani Buba\u0161 je istaknuo dva najva\u017enija projekta udruge &#8211; \u201eIstina o pobjednicima\u201c i \u201eJa\u010di od zaborava\u201c. Kroz projekt <strong>\u201eIstina o pobjednicima\u201c<\/strong> odr\u017eano je pet &nbsp;video prezentacija u Zavi\u010dajnom muzeju u Slatini na temu Domovinskog rata u Slatini, pet obilazaka muzeja i Spomen sobe te su pet puta odr\u017eane i terenske nastave na kojima je sudjelovalo 120 u\u010denika vi\u0161ih razreda iz &nbsp;pet &nbsp;osnovnih \u0161kola sa \u0161ireg slatinskog podru\u010dja. Tako\u0111er je 48 maturanata slatinske gimnazije u organizaciji HVIDR-e Slatina posjetilo Vukovar. &nbsp;Organizirana su obilje\u017eavanja datuma dr\u017eavnih praznika, osnutka 136. brigade, osnutka 64. bataljuna ZNG-a te brojni turniri u strelja\u0161tvu, kuhanju \u010dobanca i ostali sportski susreti i memorijali. Organizirana je hodnja za nevine \u017ertve \u010cetekovca, \u010cojluga i Balinaca od Mikleu\u0161a do \u010cetekovca, a \u010dlanovi HVIDR-e su sudjelovali sa svojim obiteljima. Predsjednik je istaknuo i gostovanje u HRT-ovoj emisji \u201eVeterani mira\u201c. Kroz projekt&nbsp; <strong>\u201eJa\u010di od zaborava\u201c <\/strong>organiziran je prijevoz za branitelje u krugu \u017eupanije, dru\u017eenja \u010dlanova udruge i sportske aktivnosti, hodo\u010da\u0161\u0107a i izleti. Odr\u017eani su sporttski susreti HRVI u povodu obilje\u017eavanja Dana Grada Slatine. \u010clanovi HVIDR-e Slatina su sudjelovali i na \u0160NIDOR-u gdje su zajedno sa \u017eupanijskom organizacijom ostvarili zavidni rezultat, odnosno drugo mjesto. Organizirana su i tri stru\u010dna predavanja koja su odr\u017eali doktori Miroslav Venus, Petar Nedi\u0107 i Elvira Koi\u0107. &nbsp;Slatinska HVIDR-a uklju\u010dila se i u veliki projekt udruge \u201ePutevi milosti\u201c gdje \u0107e kroz devet mjeseci dijeliti pakete pomo\u0107i. Predsjednik Buba\u0161 istaknuo je da slatinska HVIDR-a jedina u RH reagirala na osloba\u0111aju\u0107u presudu \u0160e\u0161elju, isto kao i na promociju knjige \u201eO\u010di pamte\u201c.<\/p>\n<p>Dobar rad udruge pohvalili su slatinski gradona\u010delnik Ivan Ro\u0161ta\u0161 kao i obna\u0161ateljica du\u017enosti \u017eupana VP\u017d Sanja Bo\u0161njak te su pritom naglasili da na dobru suradnju sa lokalnom i regionalnom samoupravom slatinska HVIDR-a mo\u017ee i dalje ra\u010dunati.<\/p>\n<p>Pomo\u0107nik &nbsp;ministra hrvatskih branitelja &nbsp;Nenad Kri\u017ei\u0107, koji je i sam \u010dlan slatinske HVIDR-e, sumirao je i pohvalio dosada\u0161nji rad HVIDR-e te istaknuo da se radi o jednoj od najaktivnijih udruga na podru\u010dju Republike Hrvatske. Tako\u0111er je istaknuo da se u Ministarstvu intenzivno radi na rje\u0161avanju nagomilanih problema hrvatskih branitelja, pri &nbsp;&nbsp;\u010demu nije od pomo\u0107i stanje koje ih je tamo zateklo. Najavio je i novi Zakon o hrvatskim braniteljima koji predstavlja korak u dobrom smjeru, a kao ograni\u010davaju\u0107i faktor istaknuo je sredstva koja su Ministarstvu na raspolaganju, unato\u010d tome \u0161to su ona puno ve\u0107a nego \u0161to je to bio slu\u010daj prethodnih godina. Na kraju se zahvalio svima na sudjelovanju u radu udruge, na potpori ministru Medvedu te po\u017eelio puno uspjeha u radu u 2017. godini. (mt)<\/p>\nngg_shortcode_0_placeholder\n","protected":false},"excerpt":{"rendered":"<p>U Hrvatskom domu u Slatini danas je odr\u017eana redovna godi\u0161nja izvje\u0161tajna Skup\u0161tina&nbsp; udruge&nbsp; HVIDR-a Slatina. Skup\u0161tini su osim 57 \u010dlanova HVIDR-e prisustvovali i brojni gosti<span class=\"excerpt-hellip\"> [\u2026]<\/span><\/p>\n","protected":false},"author":1,"featured_media":57947,"comment_status":"closed","ping_status":"closed","sticky":false,"template":"","format":"standard","meta":{"ngg_post_thumbnail":0,"footnotes":""},"categories":[136,137],"tags":[],"class_list":["post-57897","post","type-post","status-publish","format-standard","has-post-thumbnail","hentry","category-grad-slatina","category-naslovnica"],"_links":{"self":[{"href":"https:\/\/www.slatina.hr\/portal\/wp-json\/wp\/v2\/posts\/57897","targetHints":{"allow":["GET"]}}],"collection":[{"href":"https:\/\/www.slatina.hr\/portal\/wp-json\/wp\/v2\/posts"}],"about":[{"href":"https:\/\/www.slatina.hr\/portal\/wp-json\/wp\/v2\/types\/post"}],"author":[{"embeddable":true,"href":"https:\/\/www.slatina.hr\/portal\/wp-json\/wp\/v2\/users\/1"}],"replies":[{"embeddable":true,"href":"https:\/\/www.slatina.hr\/portal\/wp-json\/wp\/v2\/comments?post=57897"}],"version-history":[{"count":0,"href":"https:\/\/www.slatina.hr\/portal\/wp-json\/wp\/v2\/posts\/57897\/revisions"}],"wp:featuredmedia":[{"embeddable":true,"href":"https:\/\/www.slatina.hr\/portal\/wp-json\/wp\/v2\/media\/57947"}],"wp:attachment":[{"href":"https:\/\/www.slatina.hr\/portal\/wp-json\/wp\/v2\/media?parent=57897"}],"wp:term":[{"taxonomy":"category","embeddable":true,"href":"https:\/\/www.slatina.hr\/portal\/wp-json\/wp\/v2\/categories?post=57897"},{"taxonomy":"post_tag","embeddable":true,"href":"https:\/\/www.slatina.hr\/portal\/wp-json\/wp\/v2\/tags?post=57897"}],"curies":[{"name":"wp","href":"https:\/\/api.w.org\/{rel}","templated":true}]}}