{"id":5492,"date":"2013-09-11T13:08:10","date_gmt":"2013-09-11T11:08:10","guid":{"rendered":"http:\/\/www.slatina.hr\/?p=5492"},"modified":"2013-09-11T13:08:10","modified_gmt":"2013-09-11T11:08:10","slug":"zupan-tomislav-tolusic-izabran-za-predsjednika-hrvatske-zajednice-zupanija","status":"publish","type":"post","link":"https:\/\/www.slatina.hr\/portal\/zupan-tomislav-tolusic-izabran-za-predsjednika-hrvatske-zajednice-zupanija\/","title":{"rendered":"\u017dupan Tomislav Tolu\u0161i\u0107 izabran za predsjednika Hrvatske zajednice \u017eupanija"},"content":{"rendered":"<p>Na 8. sjednici Skup\u0161tine Hrvatske zajednice \u017eupanija odr\u017eanoj 11. rujna 2013 u Zagrebu \u017eupan Viroviti\u010dko-podravske \u017eupanije izabran je za predsjednika Hrvatske zajednice \u017eupanija. Za podpredsjednika izabran je \u017eupan Vara\u017edinske \u017eupanije Predrag \u0160tromar. Tolu\u0161i\u0107ev prethodnik bio je \u017eupan Vukovarsko-srijemske \u017eupanije Bo\u017eo Gali\u0107, koji je tu funkciju obavljao od 2008. godine.<\/p>\n<p>Tomislav Tolu\u0161i\u0107 ro\u0111en je 1979. godine u Virovitici. Gimnaziju zavr\u0161ava u Virovitici nakon \u010dega upisuje i zavr\u0161ava Pravni fakultet u Zagrebu. O\u017eenjen je, otac dvoje djece, sa izvrsnim znanjem engleskog jezika. Od 2004. do 2008. zaposlen je u Gradu Virovitici, prvo na poslovima Stru\u010dnog suradnika za protokol i odnose s javno\u0161\u0107u, a kasnije kao Stru\u010dni suradnik za imovinsko-pravne odnose. Od neformalnog obrazovanja Tolu\u0161i\u0107 ima zavr\u0161en program politi\u010dke edukacije za mlade lidere pri \u0161koli politi\u010dkih studija Vije\u0107a Europe te sta\u017e u Europskom parlamentu i Europskoj komisiji kao stipendist Robert Schuman fondacije. \u017dupan Viroviti\u010dko-podravske \u017eupanije postaje 2008. godine, a tu funkciju obavlja i danas.<\/p>\n<p>Povijest Hrvatske zajednice \u017eupanija<\/p>\n<p>Na inicijativu i u organizaciji Primorsko-goranske \u017eupanije, dana 7. travnja 2001. godine u Novom Vinodolskom, organiziran je susret predsjednika i tajnika \u017eupanijskih skup\u0161tina. Poticaj za ovaj susret bila je i potreba razmatranja uspostavljanja institucionalne suradnje hrvatskih \u017eupanija, osobito u svjetlu novih zakonskih rje\u0161enja koja upu\u0107uju na osnivanje nacionalne udruge \u017eupanija. Tom prigodom razmotren je i nacrt osniva\u010dkog akta \u2013 Sporazuma o osnivanju nacionalne udruge (zajednice) hrvatskih \u017eupanija pripremljen u Tajni\u0161tvu Osje\u010dko-baranjske \u017eupanije. Dogovoreno je da se u razdoblju nakon izbora za predstavni\u010dka tijela, temeljem ove inicijative nastave konzultacije kako bi se dovr\u0161io postupak pripreme te osnovalo ovo udru\u017eenje. Funkcija Inicijativnog odbora povjerena je predstavnicima \u017eupanija doma\u0107inima susreta u Novom Vinodolskom i Osijeku (Primorsko-goranske i Osje\u010dko-baranjske \u017eupanije).<\/p>\n<p>Polaze\u0107i od ovog zaklju\u010dka, oblikovana je potrebna dokumentacija za osnivanje nacionalne udruge \u017eupanija Republike Hrvatske. Poticaj ovoj inicijativi dao je i novi Zakon o lokalnoj i podru\u010dnoj (regionalnoj) samoupravi. Slijedom toga, pripremljen je i postupak razmatranja odnosno usugla\u0161avanja stanovi\u0161ta potencijalnih \u010dlanica pro\u0161ao je nacrt Sporazuma o osnivanju udruge, nakon \u010dega je utvr\u0111en njegov prijedlog koji je dostavljen svim hrvatskim \u017eupanijama na usvajanje. Hrvatska zajednica \u017eupanija osnovana je 2003. godina kada je 11 \u017eupanija osniva\u010dica odr\u017ealo konstituiraju\u0107u sjednicu 16. svibnja u Osijeku. (www.vpz.hr \/ www.hrvzz.hr)<\/p>\n","protected":false},"excerpt":{"rendered":"<p>Na 8. sjednici Skup\u0161tine Hrvatske zajednice \u017eupanija odr\u017eanoj 11. rujna 2013 u Zagrebu \u017eupan Viroviti\u010dko-podravske \u017eupanije izabran je za predsjednika Hrvatske zajednice \u017eupanija. Za podpredsjednika<span class=\"excerpt-hellip\"> [\u2026]<\/span><\/p>\n","protected":false},"author":1,"featured_media":5494,"comment_status":"closed","ping_status":"closed","sticky":false,"template":"","format":"standard","meta":{"ngg_post_thumbnail":0,"footnotes":""},"categories":[138],"tags":[],"class_list":["post-5492","post","type-post","status-publish","format-standard","has-post-thumbnail","hentry","category-zupanija-i-opcine"],"_links":{"self":[{"href":"https:\/\/www.slatina.hr\/portal\/wp-json\/wp\/v2\/posts\/5492","targetHints":{"allow":["GET"]}}],"collection":[{"href":"https:\/\/www.slatina.hr\/portal\/wp-json\/wp\/v2\/posts"}],"about":[{"href":"https:\/\/www.slatina.hr\/portal\/wp-json\/wp\/v2\/types\/post"}],"author":[{"embeddable":true,"href":"https:\/\/www.slatina.hr\/portal\/wp-json\/wp\/v2\/users\/1"}],"replies":[{"embeddable":true,"href":"https:\/\/www.slatina.hr\/portal\/wp-json\/wp\/v2\/comments?post=5492"}],"version-history":[{"count":0,"href":"https:\/\/www.slatina.hr\/portal\/wp-json\/wp\/v2\/posts\/5492\/revisions"}],"wp:featuredmedia":[{"embeddable":true,"href":"https:\/\/www.slatina.hr\/portal\/wp-json\/wp\/v2\/media\/5494"}],"wp:attachment":[{"href":"https:\/\/www.slatina.hr\/portal\/wp-json\/wp\/v2\/media?parent=5492"}],"wp:term":[{"taxonomy":"category","embeddable":true,"href":"https:\/\/www.slatina.hr\/portal\/wp-json\/wp\/v2\/categories?post=5492"},{"taxonomy":"post_tag","embeddable":true,"href":"https:\/\/www.slatina.hr\/portal\/wp-json\/wp\/v2\/tags?post=5492"}],"curies":[{"name":"wp","href":"https:\/\/api.w.org\/{rel}","templated":true}]}}