{"id":53949,"date":"2016-11-15T13:32:18","date_gmt":"2016-11-15T12:32:18","guid":{"rendered":"http:\/\/www.slatina.hr\/?p=53949"},"modified":"2016-11-15T13:32:18","modified_gmt":"2016-11-15T12:32:18","slug":"u-utorak-22-studenog-odrzat-ce-se-20-sjednica-gradskog-vijeca-grada-slatine","status":"publish","type":"post","link":"https:\/\/www.slatina.hr\/portal\/u-utorak-22-studenog-odrzat-ce-se-20-sjednica-gradskog-vijeca-grada-slatine\/","title":{"rendered":"U utorak, 22. studenog odr\u017eat \u0107e se 20. sjednica Gradskog vije\u0107a Grada Slatine"},"content":{"rendered":"<p style=\"text-align: justify;\">Predsjednik Gradskog vije\u0107a Robertino Repi\u0107, na temelju \u010dlanka \u00a093. Poslovnika o radu Gradskog vije\u0107a Grada Slatine (Slu\u017ebeni glasnik Grada Slatine broj 5\/09., 5\/10, 1\/13. \u00a0i 2\/13. &#8211; pro\u010di\u0161\u0107eni tekst), saziva 20. sjednicu Gradskog vije\u0107a Grada Slatine koja \u0107e se odr\u017eati u utorak 22. studenog 2016. godine s po\u010detkom u 15:30 sati u\u00a0velikoj dvorani\u00a0Hrvatskog doma u Slatini, Ulica B. Radi\u0107a 4.<\/p>\n<p style=\"text-align: justify;\">Predlo\u017eeni Dnevni red sjednice je sljede\u0107i:<\/p>\n<ol>\n<li style=\"text-align: justify;\"><strong>Izvje\u0161\u0107e Komisije za mandatna pitanja o dostavljenoj obavijesti o nastavljanju obna\u0161anja du\u017enosti vije\u0107nika Gradskog vije\u0107a te o podnesenom zahtjevu za mirovanje vije\u0107ni\u010dkog mandata kao i o zamjenici \u010dlanice koja \u0107e nastaviti obna\u0161ati du\u017enost \u010dlanice Gradskog vije\u0107a,<\/strong><\/li>\n<li style=\"text-align: justify;\"><strong>\u00a0<\/strong><strong>Razmatranje i usvajanje Izvoda iz zapisnika s 19. sjednice Gradskog vije\u0107a Grada Slatine odr\u017eane 24. kolovoza 2016. godine,<\/strong><\/li>\n<li style=\"text-align: justify;\"><strong>\u00a0<\/strong><strong>Informacija o radu Gradona\u010delnika i Gradske uprave u razdoblju od 24. kolovoza do 22. studenog 2016. godine,<\/strong><\/li>\n<li style=\"text-align: justify;\"><strong>\u00a0<\/strong><strong>Razmatranje prijedloga i dono\u0161enje Odluke o usvajanju Strategije razvoja Grada Slatine za razdoblje 2016. \u2013 2020.<\/strong><\/li>\n<li style=\"text-align: justify;\"><strong>\u00a0<\/strong><strong>Aktualni sat,<\/strong><\/li>\n<li style=\"text-align: justify;\"><strong>\u00a0<\/strong><strong>Razmatranje Informacije o stanju sigurnosti na podru\u010dju Grada Slatine,<\/strong><\/li>\n<li style=\"text-align: justify;\"><strong>Razmatranje Godi\u0161njeg izvje\u0161\u0107a o radu Dje\u010djeg vrti\u0107a \u201eSuncokret\u201c Slatina za pedago\u0161ku 2015\/2016. godinu,<\/strong><\/li>\n<li style=\"text-align: justify;\"><strong>Razmatranje Godi\u0161njeg izvje\u0161\u0107a o radu Dje\u010djeg vrti\u0107a \u201eZeko\u201c Slatina za pedago\u0161ku 2015\/2016. godinu.<\/strong><\/li>\n<li style=\"text-align: justify;\"><strong>Razmatranje prijedloga i dono\u0161enje Godi\u0161njeg plana davanja koncesija za komunalne djelatnosti na podru\u010dju Grada Slatine za 2017. godinu,<\/strong><\/li>\n<li style=\"text-align: justify;\"><strong>Razmatranje prijedloga i dono\u0161enje Odluke o ukidanju statusa nerazvrstane ceste, javnog dobra u op\u0107oj uporabi, na dijelu k.\u010d. br. 5785\/3, k.o. P. Slatina,<\/strong><\/li>\n<li style=\"text-align: justify;\"><strong>Razmatranje prijedloga i dono\u0161enje Odluke o ukidanju statusa nerazvrstane ceste, javnog dobra u op\u0107oj uporabi, na dijelu k.\u010d. br. 2027\/1, k.o. Sladojevci,<\/strong><\/li>\n<li style=\"text-align: justify;\"><strong>Razmatranje prijedloga i dono\u0161enje Odluke o odre\u0111ivanju poslova prijevoza pokojnika koji se financiraju iz Prora\u010duna Grada Slatine,<\/strong><\/li>\n<li style=\"text-align: justify;\"><strong>Razmatranje prijedloga i dono\u0161enje Odluke o izmjeni Odluke o popisu trgova\u010dkih dru\u0161tava od posebnog interesa za Grad Slatinu,<\/strong><\/li>\n<li style=\"text-align: justify;\"><strong>Razmatranje prijedloga i dono\u0161enje Odluke o postupku i visini naknade za osnivanje prava slu\u017enosti na javnim povr\u0161inama kojima upravlja Grad Slatina i nekretninama u vlasni\u0161tvu Grada Slatine,<\/strong><\/li>\n<li style=\"text-align: justify;\"><strong>Pitanja i prijedlozi.<\/strong><\/li>\n<\/ol>\n","protected":false},"excerpt":{"rendered":"<p>Predsjednik Gradskog vije\u0107a Robertino Repi\u0107, na temelju \u010dlanka \u00a093. Poslovnika o radu Gradskog vije\u0107a Grada Slatine (Slu\u017ebeni glasnik Grada Slatine broj 5\/09., 5\/10, 1\/13. \u00a0i<span class=\"excerpt-hellip\"> [\u2026]<\/span><\/p>\n","protected":false},"author":1,"featured_media":21917,"comment_status":"closed","ping_status":"closed","sticky":false,"template":"","format":"standard","meta":{"ngg_post_thumbnail":0,"footnotes":""},"categories":[136,137],"tags":[],"class_list":["post-53949","post","type-post","status-publish","format-standard","has-post-thumbnail","hentry","category-grad-slatina","category-naslovnica"],"_links":{"self":[{"href":"https:\/\/www.slatina.hr\/portal\/wp-json\/wp\/v2\/posts\/53949","targetHints":{"allow":["GET"]}}],"collection":[{"href":"https:\/\/www.slatina.hr\/portal\/wp-json\/wp\/v2\/posts"}],"about":[{"href":"https:\/\/www.slatina.hr\/portal\/wp-json\/wp\/v2\/types\/post"}],"author":[{"embeddable":true,"href":"https:\/\/www.slatina.hr\/portal\/wp-json\/wp\/v2\/users\/1"}],"replies":[{"embeddable":true,"href":"https:\/\/www.slatina.hr\/portal\/wp-json\/wp\/v2\/comments?post=53949"}],"version-history":[{"count":0,"href":"https:\/\/www.slatina.hr\/portal\/wp-json\/wp\/v2\/posts\/53949\/revisions"}],"wp:featuredmedia":[{"embeddable":true,"href":"https:\/\/www.slatina.hr\/portal\/wp-json\/wp\/v2\/media\/21917"}],"wp:attachment":[{"href":"https:\/\/www.slatina.hr\/portal\/wp-json\/wp\/v2\/media?parent=53949"}],"wp:term":[{"taxonomy":"category","embeddable":true,"href":"https:\/\/www.slatina.hr\/portal\/wp-json\/wp\/v2\/categories?post=53949"},{"taxonomy":"post_tag","embeddable":true,"href":"https:\/\/www.slatina.hr\/portal\/wp-json\/wp\/v2\/tags?post=53949"}],"curies":[{"name":"wp","href":"https:\/\/api.w.org\/{rel}","templated":true}]}}