{"id":38784,"date":"2015-11-23T15:05:41","date_gmt":"2015-11-23T14:05:41","guid":{"rendered":"http:\/\/www.slatina.hr\/?p=38784"},"modified":"2015-11-23T15:05:41","modified_gmt":"2015-11-23T14:05:41","slug":"ureduju-se-stabla-u-parku-136-slatinske-brigade","status":"publish","type":"post","link":"https:\/\/www.slatina.hr\/portal\/ureduju-se-stabla-u-parku-136-slatinske-brigade\/","title":{"rendered":"Ure\u0111uju se stabla u Parku 136 slatinske brigade"},"content":{"rendered":"<p>Od utorka, 24. studenog, pa do daljnjega Grad Slatina \u0107e zapo\u010deti sa kresanjem, odnosno regeneracijom kro\u0161nji stabala lipe na sjeveroisto\u010dnom i sjeverozapadnom rubu\u00a0 Parka 136. slatinske brigade\u00a0 na Trgu svetog Josipa u Slatini.<\/p>\n<p>Poslove kresanja kro\u0161nji izvoditi \u0107e djelatnici Javne vatrogasne postrojbe Slatina, djelatnici tvrtke Slatina kom d.o.o. i djelatnici Vlastitoga pogona Grada Slatine uz asistenciju i nadzor stru\u010dne osobe iz Hrvatskih \u0161uma. Zbog navedenih radova prostor\/nogostup\u00a0 i dio parkirali\u0161ta u obuhvatu navedenog zahvata bit \u0107e za vrijeme provedbe stalno i povremeno zatvaran i osiguran privremenom prometnom signalizacijom za preusmjeravanje kretanja pje\u0161aka te opslu\u017een i za to zadu\u017eenim osobljem, a motorni promet kru\u017enim raskri\u017ejem i susjednim kolnikom \u017dC-4296 odvijat \u0107e se neometano.<\/p>\n<p>Poslovi regenereacije bi, ovisno o vremenskim uvjetima, trebali zavr\u0161iti do petka, 27. studenog.<\/p>\n<p><p>no images were found<\/p><\/p>\n","protected":false},"excerpt":{"rendered":"<p>Od utorka, 24. studenog, pa do daljnjega Grad Slatina \u0107e zapo\u010deti sa kresanjem, odnosno regeneracijom kro\u0161nji stabala lipe na sjeveroisto\u010dnom i sjeverozapadnom rubu\u00a0 Parka 136.<span class=\"excerpt-hellip\"> [\u2026]<\/span><\/p>\n","protected":false},"author":1,"featured_media":38812,"comment_status":"closed","ping_status":"closed","sticky":false,"template":"","format":"standard","meta":{"ngg_post_thumbnail":0,"footnotes":""},"categories":[136,137],"tags":[],"class_list":["post-38784","post","type-post","status-publish","format-standard","has-post-thumbnail","hentry","category-grad-slatina","category-naslovnica"],"_links":{"self":[{"href":"https:\/\/www.slatina.hr\/portal\/wp-json\/wp\/v2\/posts\/38784","targetHints":{"allow":["GET"]}}],"collection":[{"href":"https:\/\/www.slatina.hr\/portal\/wp-json\/wp\/v2\/posts"}],"about":[{"href":"https:\/\/www.slatina.hr\/portal\/wp-json\/wp\/v2\/types\/post"}],"author":[{"embeddable":true,"href":"https:\/\/www.slatina.hr\/portal\/wp-json\/wp\/v2\/users\/1"}],"replies":[{"embeddable":true,"href":"https:\/\/www.slatina.hr\/portal\/wp-json\/wp\/v2\/comments?post=38784"}],"version-history":[{"count":0,"href":"https:\/\/www.slatina.hr\/portal\/wp-json\/wp\/v2\/posts\/38784\/revisions"}],"wp:featuredmedia":[{"embeddable":true,"href":"https:\/\/www.slatina.hr\/portal\/wp-json\/"}],"wp:attachment":[{"href":"https:\/\/www.slatina.hr\/portal\/wp-json\/wp\/v2\/media?parent=38784"}],"wp:term":[{"taxonomy":"category","embeddable":true,"href":"https:\/\/www.slatina.hr\/portal\/wp-json\/wp\/v2\/categories?post=38784"},{"taxonomy":"post_tag","embeddable":true,"href":"https:\/\/www.slatina.hr\/portal\/wp-json\/wp\/v2\/tags?post=38784"}],"curies":[{"name":"wp","href":"https:\/\/api.w.org\/{rel}","templated":true}]}}