{"id":35329,"date":"2015-09-15T10:37:53","date_gmt":"2015-09-15T09:37:53","guid":{"rendered":"http:\/\/www.slatina.hr\/?p=35329"},"modified":"2015-09-15T10:37:53","modified_gmt":"2015-09-15T09:37:53","slug":"zaziv-duha-svetoga-za-pocetak-nove-skolske-godine-u-novoj-bukovici","status":"publish","type":"post","link":"https:\/\/www.slatina.hr\/portal\/zaziv-duha-svetoga-za-pocetak-nove-skolske-godine-u-novoj-bukovici\/","title":{"rendered":"Zaziv Duha Svetoga za po\u010detak nove \u0161kolske godine u Novoj Bukovici"},"content":{"rendered":"<p>U\u010denici Osnovne \u0161kole Vladimira Nazora iz Nove Bukovice su, predvo\u0111eni\u00a0 ravnateljicom, vjerou\u010diteljem i u\u010diteljima predmetne i razredne nastave, zajedno sa svojim roditeljima i ostalim vjernicima,\u00a0\u00a0u nedjelju 13. rujna\u00a0 u \u017eupnoj crkvi Uznesenja Bla\u017eene Djevice Marije na misi zazvali Duha Svetoga i primili blagoslov za po\u010detak nove \u0161kolske i vjeronau\u010dne godine<strong>.<\/strong><strong>\u00a0<\/strong>U\u010denici su u \u00a0procesiji\u00a0do\u0161li do oltara poslo\u017eiv\u0161i svoje torbe i knjige kao i sve svoje brige uz oltar. Zazvali su Duha Svetoga da blagoslovi u\u010ditelje, djecu i roditelje te da im u novoj \u0161kolskoj godini bude lak\u0161e u ispunjavanju \u0161kolskih, u\u010deni\u010dkih i roditeljskih obveza. Misu\u00a0je predvodio vele\u010dasni Vlado \u0160krinjari\u0107 koji je svojim duhovitim\u00a0 primjerima iz \u017eivota pribli\u017eio djeci smisao patnje i u\u010denja u svjetlu Kristove patnje.\u00a0 Pozvao je sve prisutne, a napose u\u010denike da se rado dru\u017ee s Isusom pod nedjeljnom misom.(O\u0160 N.Bukovica)<\/p>\n<p><p>no images were found<\/p><\/p>\n<p>&nbsp;<\/p>\n","protected":false},"excerpt":{"rendered":"<p>U\u010denici Osnovne \u0161kole Vladimira Nazora iz Nove Bukovice su, predvo\u0111eni\u00a0 ravnateljicom, vjerou\u010diteljem i u\u010diteljima predmetne i razredne nastave, zajedno sa svojim roditeljima i ostalim vjernicima,\u00a0\u00a0u<span class=\"excerpt-hellip\"> [\u2026]<\/span><\/p>\n","protected":false},"author":1,"featured_media":35344,"comment_status":"closed","ping_status":"closed","sticky":false,"template":"","format":"standard","meta":{"ngg_post_thumbnail":0,"footnotes":""},"categories":[138],"tags":[],"class_list":["post-35329","post","type-post","status-publish","format-standard","has-post-thumbnail","hentry","category-zupanija-i-opcine"],"_links":{"self":[{"href":"https:\/\/www.slatina.hr\/portal\/wp-json\/wp\/v2\/posts\/35329","targetHints":{"allow":["GET"]}}],"collection":[{"href":"https:\/\/www.slatina.hr\/portal\/wp-json\/wp\/v2\/posts"}],"about":[{"href":"https:\/\/www.slatina.hr\/portal\/wp-json\/wp\/v2\/types\/post"}],"author":[{"embeddable":true,"href":"https:\/\/www.slatina.hr\/portal\/wp-json\/wp\/v2\/users\/1"}],"replies":[{"embeddable":true,"href":"https:\/\/www.slatina.hr\/portal\/wp-json\/wp\/v2\/comments?post=35329"}],"version-history":[{"count":0,"href":"https:\/\/www.slatina.hr\/portal\/wp-json\/wp\/v2\/posts\/35329\/revisions"}],"wp:featuredmedia":[{"embeddable":true,"href":"https:\/\/www.slatina.hr\/portal\/wp-json\/"}],"wp:attachment":[{"href":"https:\/\/www.slatina.hr\/portal\/wp-json\/wp\/v2\/media?parent=35329"}],"wp:term":[{"taxonomy":"category","embeddable":true,"href":"https:\/\/www.slatina.hr\/portal\/wp-json\/wp\/v2\/categories?post=35329"},{"taxonomy":"post_tag","embeddable":true,"href":"https:\/\/www.slatina.hr\/portal\/wp-json\/wp\/v2\/tags?post=35329"}],"curies":[{"name":"wp","href":"https:\/\/api.w.org\/{rel}","templated":true}]}}