{"id":34432,"date":"2015-09-02T18:52:05","date_gmt":"2015-09-02T17:52:05","guid":{"rendered":"http:\/\/www.slatina.hr\/?p=34432"},"modified":"2015-09-02T18:52:05","modified_gmt":"2015-09-02T17:52:05","slug":"stipendiranje-deficitarnih-obrtnickih-zanimanja","status":"publish","type":"post","link":"https:\/\/www.slatina.hr\/portal\/stipendiranje-deficitarnih-obrtnickih-zanimanja\/","title":{"rendered":"U\u010denicima deficitarnih zanimanja stipendije u iznosu od 750 kn"},"content":{"rendered":"<p>Objavljen je Javni poziv iz programa \u201ePoduzetni\u010dki impuls\u201c za Prvo programsko podru\u010dje \u2013 Stipendiranje u\u010denika u obrtni\u010dkim zanimanjima.<\/p>\n<p>Prioritet ovog Javnog poziva je poticanje u\u010denika na obrazovanje za rad u obrtni\u010dkim zanimanjima. Poziv je namijenjen u\u010denicima srednjih \u0161kola koji se obrazuju u deficitarnim zanimanjima u sustavu vezanih obrta. U deficitarna zanimanja spadaju: autolakirer, autolimar, automehani\u010dar, bravar, dimnja\u010dar, elektroinstalater, fasader, galanterist, instalater grijanja i klimatizacije, instalater ku\u0107nih instalacija, konobar, kroja\u010d, krovopokriva\u010d, kuhar, mesar, pekar, plinoinstalater, slasti\u010dar, stolar, tesar i vodoinstalater.<\/p>\n<p>Iznos potpore je 750,00 kn po u\u010deniku mjese\u010dno, za \u0161kolsku godinu 2015.\/16.. Intenzitet potpore je 100%. Prijave za aktivnost Stipendiranje u\u010denika u obrtni\u010dkim zanimanjima zaprimaju se isklju\u010divo od 01.09.2015. do 30.09.2015. godine.<\/p>\n<p>Javni poziv potra\u017eite na stranicama <a href=\"http:\/\/www.minpo.hr\/default.aspx?id=6260\" target=\"_blank\" rel=\"noopener\">MINPO-a<\/a>.<\/p>\n","protected":false},"excerpt":{"rendered":"<p>Objavljen je Javni poziv iz programa \u201ePoduzetni\u010dki impuls\u201c za Prvo programsko podru\u010dje \u2013 Stipendiranje u\u010denika u obrtni\u010dkim zanimanjima. Prioritet ovog Javnog poziva je poticanje u\u010denika<span class=\"excerpt-hellip\"> [\u2026]<\/span><\/p>\n","protected":false},"author":1,"featured_media":5213,"comment_status":"closed","ping_status":"closed","sticky":false,"template":"","format":"standard","meta":{"ngg_post_thumbnail":0,"footnotes":""},"categories":[140],"tags":[],"class_list":["post-34432","post","type-post","status-publish","format-standard","has-post-thumbnail","hentry","category-vlada-i-ministarstva"],"_links":{"self":[{"href":"https:\/\/www.slatina.hr\/portal\/wp-json\/wp\/v2\/posts\/34432","targetHints":{"allow":["GET"]}}],"collection":[{"href":"https:\/\/www.slatina.hr\/portal\/wp-json\/wp\/v2\/posts"}],"about":[{"href":"https:\/\/www.slatina.hr\/portal\/wp-json\/wp\/v2\/types\/post"}],"author":[{"embeddable":true,"href":"https:\/\/www.slatina.hr\/portal\/wp-json\/wp\/v2\/users\/1"}],"replies":[{"embeddable":true,"href":"https:\/\/www.slatina.hr\/portal\/wp-json\/wp\/v2\/comments?post=34432"}],"version-history":[{"count":0,"href":"https:\/\/www.slatina.hr\/portal\/wp-json\/wp\/v2\/posts\/34432\/revisions"}],"wp:featuredmedia":[{"embeddable":true,"href":"https:\/\/www.slatina.hr\/portal\/wp-json\/wp\/v2\/media\/5213"}],"wp:attachment":[{"href":"https:\/\/www.slatina.hr\/portal\/wp-json\/wp\/v2\/media?parent=34432"}],"wp:term":[{"taxonomy":"category","embeddable":true,"href":"https:\/\/www.slatina.hr\/portal\/wp-json\/wp\/v2\/categories?post=34432"},{"taxonomy":"post_tag","embeddable":true,"href":"https:\/\/www.slatina.hr\/portal\/wp-json\/wp\/v2\/tags?post=34432"}],"curies":[{"name":"wp","href":"https:\/\/api.w.org\/{rel}","templated":true}]}}