{"id":33294,"date":"2015-08-24T09:37:54","date_gmt":"2015-08-24T08:37:54","guid":{"rendered":"http:\/\/www.slatina.hr\/?p=33294"},"modified":"2015-08-24T09:37:54","modified_gmt":"2015-08-24T08:37:54","slug":"glasnici-istine-istrcali-5-memorijalni-maraton-za-poginule-i-nestale-baranjce","status":"publish","type":"post","link":"https:\/\/www.slatina.hr\/portal\/glasnici-istine-istrcali-5-memorijalni-maraton-za-poginule-i-nestale-baranjce\/","title":{"rendered":"Glasnici istine istr\u010dali  5. memorijalni maraton za poginule i nestale baranjce"},"content":{"rendered":"<p>U sje\u0107anje na 1991.godinu i progonstvo vi\u0161e od\u00a0 dvadeset i\u00a0 dvije tisu\u0107e Baranjaca te u spomen na sve poginule i nestale Baranjce u Domovinskom ratu ,Udruga Glasnici istine-Hrvatski maratonci organizirala je 22. kolovoza\u00a0 5. Memorijalni maraton od Osijeka do Batine pod nazivom \u02ddDa se ne zaboravi Baranja \u00b491\u02dd.Memorijalni je to maraton koji je nastao 2011 godine \u00a0na inicijativu slatinskog maratonca Pave Tutenova baranjca rodom iz Dra\u017ea.<\/p>\n<p>Na startu ovog Memorijalnog maratona\u00a0 u Osijeku, s baranjske strane mosta, okupilo se preko\u00a0 tridesetak\u00a0 maratonaca i ljubitelja tr\u010danja pristiglih iz raznih krajeva Hrvatske od Zagreba,Kutine, Batrine, <wbr><\/wbr>Slavonskog Broda, Na\u0161ica, Antunovca, Josipovca do Osje\u010dana predvo\u0111enih dogradona\u010delnikom\u00a0 grada Osijeka Denisom Ambru\u0161om te Danielom Srbom, predsjednikom HSP-a. Na maratonu su sudjelovali i \u010dlanovi udruge Glasnici istine s podru\u010dja Viroviti\u010dko-podravske \u017eupanije: slatin\u010dani Goran Draksler , \u017deljko Nikoli\u0107, Pavo Tutenov,\u00a0 Ivan Medved iz Kozica, Darko Dolovski iz Dobrovi\u0107a, Mario Kova\u010d iz Virovitice te Goran i Zvonimir \u0160pehar iz Na\u0161ica. Prije starta sve sudionike pozdravili\u00a0 su u ime organizatora Pavo Tutenov predsjednik udruge Glasnici istine-Hrvatski maratonci\u00a0 te u ime grada Osijeka dogradona\u010delnik Denis Ambru\u0161 koji ve\u0107 tradicionalno daje znak za start Memorijalnog maratona. U pratnji \u010dlanova moto kluba \u02ddKune\u02dd iz Osijeka\u00a0 Bo\u017eidara Vrselje i Nikole Pai\u0107a krenuo je\u00a0 5. memorijalni maraton .<\/p>\n<p>Na svom putu do Batine svake godine sudionici ovog maratona odaju po\u010dast svim poginulim i nestalim braniteljima kao i civilnim \u017ertvama u Domovinskom ratu simboli\u010dnim paljenjem svije\u0107a i polaganjem vijenca. Na ciljnom odredi\u0161tu u Batini, u batinskoj luci na Dunavu\u00a0 sudionike 5, memorijalnog maratona \u02ddDa se ne zaboravi Baranja \u00b491\u02dddo\u010dekali su: ispred Ministarstva branitelja Republike Hrvatske\u00a0 Sanja\u00a0 Ivkovi\u0107 izaslanica ministra branitelja Predraga Mati\u0107a ,te ve\u0107 petu godinu zaredom na\u010delnik op\u0107ine Dra\u017e Stipan \u0160a\u0161lin, ratni zapovjednik 135. baranjske brigade, Martina Terzi\u0107 ispred Turisti\u010dke zajednice op\u0107ine Dra\u017e te Eva Balatinac ispred Op\u0107inskog vije\u0107a op\u0107ine Dra\u017e.Simboli\u010dnim pu\u0161tanjem vijenca u Dunav odana je po\u010dast svim poginulim i nestalim Baranjcima u Domovinskom ratu. Po zavr\u0161etku ovog doga\u0111aja na sve\u010danom domjenku u Dra\u017eu zahvalnice sudionicima i zaslu\u017enima za pomo\u0107 u\u00a0 organizaciji maratona podijelili su Martina Terzi\u0107 ispred Turisti\u010dke zajednice op\u0107ine Dra\u017e, Eva Balatinac ispred Op\u0107inskog vije\u0107a op\u0107ine Dra\u017e\u00a0 te Pavo Tutenov u ime organizatora udruge Glasnici istine.Pavo Tutenov je posebno zahvalio Ministarstvu branitelja Republike Hrvatske i ministru Predragu Mati\u0107u koji su prepoznali ovaj projekat \u02ddDa se ne zaboravi Baranja \u00b491\u02dd, a koji je udruga Glasnici istine-Hrvatski maratonci nominirala kroz natje\u010daj \u02ddPromicanje vrijednosti Domovinskog rata\u02dd\u00a0 te je izaslanici ministra branitelja, Sanji Ivkovi\u0107 uz buket cvije\u0107a uru\u010dio i prigodnu zahvalnicu. Rije\u010di Daniela Srba, predsjednika HSP-a, sudionika ovog maratona koji je skupa sa suprugom istr\u010dao cijelu dionicu\u00a0 dane jednom od hrvatskih medija nakon zavr\u0161etka maratona dovoljno govore \u02ddNaporno je, ali nije te\u0161ko jer ovo je za poginule Hrvatske branitelje kojima toliko dugujemo za slobodnu Hrvatsku\u02dd<\/p>\n<p>Na kraju ovog doga\u0111aja prigodom dodjele zahvalnica svim sudionicima kao i onima koji su pomogli u organizaciji i realizaciji 5. Memorijalnog maratona\u02ddDa se ne zaboravi Baranja\u00b491\u00a8Udruga Glasnici istine-Hrvatski maratonci se posebno zahvaljuje Slatinskom Gradskom dru\u0161tvu crvenog kri\u017ea na pomo\u0107i.(Glasnici istine)<\/p>\n<p><p>no images were found<\/p><\/p>\n","protected":false},"excerpt":{"rendered":"<p>U sje\u0107anje na 1991.godinu i progonstvo vi\u0161e od\u00a0 dvadeset i\u00a0 dvije tisu\u0107e Baranjaca te u spomen na sve poginule i nestale Baranjce u Domovinskom ratu<span class=\"excerpt-hellip\"> [\u2026]<\/span><\/p>\n","protected":false},"author":1,"featured_media":33326,"comment_status":"closed","ping_status":"closed","sticky":false,"template":"","format":"standard","meta":{"ngg_post_thumbnail":0,"footnotes":""},"categories":[139],"tags":[],"class_list":["post-33294","post","type-post","status-publish","format-standard","has-post-thumbnail","hentry","category-sport-kultura-i-udruge"],"_links":{"self":[{"href":"https:\/\/www.slatina.hr\/portal\/wp-json\/wp\/v2\/posts\/33294","targetHints":{"allow":["GET"]}}],"collection":[{"href":"https:\/\/www.slatina.hr\/portal\/wp-json\/wp\/v2\/posts"}],"about":[{"href":"https:\/\/www.slatina.hr\/portal\/wp-json\/wp\/v2\/types\/post"}],"author":[{"embeddable":true,"href":"https:\/\/www.slatina.hr\/portal\/wp-json\/wp\/v2\/users\/1"}],"replies":[{"embeddable":true,"href":"https:\/\/www.slatina.hr\/portal\/wp-json\/wp\/v2\/comments?post=33294"}],"version-history":[{"count":0,"href":"https:\/\/www.slatina.hr\/portal\/wp-json\/wp\/v2\/posts\/33294\/revisions"}],"wp:featuredmedia":[{"embeddable":true,"href":"https:\/\/www.slatina.hr\/portal\/wp-json\/"}],"wp:attachment":[{"href":"https:\/\/www.slatina.hr\/portal\/wp-json\/wp\/v2\/media?parent=33294"}],"wp:term":[{"taxonomy":"category","embeddable":true,"href":"https:\/\/www.slatina.hr\/portal\/wp-json\/wp\/v2\/categories?post=33294"},{"taxonomy":"post_tag","embeddable":true,"href":"https:\/\/www.slatina.hr\/portal\/wp-json\/wp\/v2\/tags?post=33294"}],"curies":[{"name":"wp","href":"https:\/\/api.w.org\/{rel}","templated":true}]}}