{"id":33092,"date":"2015-08-08T07:13:53","date_gmt":"2015-08-08T06:13:53","guid":{"rendered":"http:\/\/www.slatina.hr\/?p=33092"},"modified":"2015-08-08T07:13:53","modified_gmt":"2015-08-08T06:13:53","slug":"sjecanje-na-prve-clanove-zng-a","status":"publish","type":"post","link":"https:\/\/www.slatina.hr\/portal\/sjecanje-na-prve-clanove-zng-a\/","title":{"rendered":"Sje\u0107anje na prve \u010dlanove ZNG-a"},"content":{"rendered":"<p>Povodom osnivanja Zbora narodne garde u Slatini osniva\u010di i prvi \u010dlanovi ZNG-a, 7. kolovoza, polo\u017eili su vijenac i zapalili svije\u0107e kod Spomen obilje\u017eja u parku 136. slatinske brigade, te na taj na\u010din odali po\u010dast poginulim hrvatskim braniteljima. Tako\u0111er su obi\u0161li grobove svojih suboraca, Zlatka Ki\u0161a, Joze Funka, Pavla \u0160olti\u0107a i Tomislava Miki\u0107a te im odali po\u010dast molitvom i minutom \u0161utnje.<br \/>\nPrema rije\u010dima zapovjednika specijalnog izvidni\u010dkog voda Stjepana Gala, Zbor narodne garde u Slatini osnovan je 5. kolovoza 1991., a njegovi osniva\u010di i prvi naoru\u017eani dragovoljci koji su zadu\u017eili oru\u017eje i kapu ispred Policijske postaje Slatina su: Mato Buba\u0161, Darko Bauer, Marko Biland\u017eija, Marko Dunkovi\u0107, Stjepan Gal, Branimir Ga\u0107a, Zlatko Ki\u0161, Goran Ko\u0161\u010di\u0107, \u017deljko Peterfaj, Sini\u0161a Rabi\u0107, Pavao \u0160olti\u0107, Josip \u0160iki\u0107 i Josip Vaclavek.<br \/>\n\u2013 Od tih 13 prvih ljudi koji su prvi obukli oru\u017eje u Slatini, poslije je nastao Zbor narodne garde 64. samostalni bataljun, 136. brigada, i mi kao takvi smo me\u0111u prvima oslobodili svoj teritorij- rekao je Stjepan Gal.<br \/>\nNa polaganju vijenca i odavanju po\u010dasti je sudjelovalo 20-ak branitelja, osniva\u010da ZNG-a i \u010dlanova specijalnog voda, a na inicijativu Josipa Vaclaveka i Stjepana Gala.<\/p>\n<p><p>no images were found<\/p><\/p>\n","protected":false},"excerpt":{"rendered":"<p>Povodom osnivanja Zbora narodne garde u Slatini osniva\u010di i prvi \u010dlanovi ZNG-a, 7. kolovoza, polo\u017eili su vijenac i zapalili svije\u0107e kod Spomen obilje\u017eja u parku<span class=\"excerpt-hellip\"> [\u2026]<\/span><\/p>\n","protected":false},"author":1,"featured_media":33095,"comment_status":"closed","ping_status":"closed","sticky":false,"template":"","format":"standard","meta":{"ngg_post_thumbnail":0,"footnotes":""},"categories":[139],"tags":[],"class_list":["post-33092","post","type-post","status-publish","format-standard","has-post-thumbnail","hentry","category-sport-kultura-i-udruge"],"_links":{"self":[{"href":"https:\/\/www.slatina.hr\/portal\/wp-json\/wp\/v2\/posts\/33092","targetHints":{"allow":["GET"]}}],"collection":[{"href":"https:\/\/www.slatina.hr\/portal\/wp-json\/wp\/v2\/posts"}],"about":[{"href":"https:\/\/www.slatina.hr\/portal\/wp-json\/wp\/v2\/types\/post"}],"author":[{"embeddable":true,"href":"https:\/\/www.slatina.hr\/portal\/wp-json\/wp\/v2\/users\/1"}],"replies":[{"embeddable":true,"href":"https:\/\/www.slatina.hr\/portal\/wp-json\/wp\/v2\/comments?post=33092"}],"version-history":[{"count":0,"href":"https:\/\/www.slatina.hr\/portal\/wp-json\/wp\/v2\/posts\/33092\/revisions"}],"wp:featuredmedia":[{"embeddable":true,"href":"https:\/\/www.slatina.hr\/portal\/wp-json\/"}],"wp:attachment":[{"href":"https:\/\/www.slatina.hr\/portal\/wp-json\/wp\/v2\/media?parent=33092"}],"wp:term":[{"taxonomy":"category","embeddable":true,"href":"https:\/\/www.slatina.hr\/portal\/wp-json\/wp\/v2\/categories?post=33092"},{"taxonomy":"post_tag","embeddable":true,"href":"https:\/\/www.slatina.hr\/portal\/wp-json\/wp\/v2\/tags?post=33092"}],"curies":[{"name":"wp","href":"https:\/\/api.w.org\/{rel}","templated":true}]}}