{"id":3269,"date":"2013-05-12T16:20:44","date_gmt":"2013-05-12T14:20:44","guid":{"rendered":"http:\/\/www.slatina.hr\/?p=3269"},"modified":"2013-05-12T16:20:44","modified_gmt":"2013-05-12T14:20:44","slug":"ivan-rostas-prisustvovao-3-susretu-matice-umirovljenickih-udruga-viroviticko-podravske-zupanije","status":"publish","type":"post","link":"https:\/\/www.slatina.hr\/portal\/ivan-rostas-prisustvovao-3-susretu-matice-umirovljenickih-udruga-viroviticko-podravske-zupanije\/","title":{"rendered":"Ivan Ro\u0161ta\u0161 prisustvovao 3. susretu Matice umirovljeni\u010dkih udruga VP\u017d"},"content":{"rendered":"<p>Uz pokroviteljstvo i organizaciju Viroviti\u010dko-podravske \u017eupanije, na Sajamskom prostoru Viroexpo-a odr\u017eani su 3. susreti Matice umirovljeni\u010dkih udruga Viroviti\u010dko-podravske \u017eupanije. Susretima je nazo\u010dilo gotovo 3000 umirovljenika s podru\u010dja cijele Viroviti\u010dko-podravske \u017eupanije i njihovih gostiju iz cijele Republike Hrvatske. Brojnim umirovljenicima, obratili su se saborski zastupnik Josip \u0110aki\u0107, viroviti\u010dko-podravski \u017eupan Tomislav Tolu\u0161i\u0107 i gradona\u010delnik Grada Virovitice Ivica Kirin, izraziv\u0161i pritom zahvalnost za sve dobro \u0161to su dana\u0161nji umirovljenici u\u010dinili za ovu i budu\u0107e generacije.<\/p>\n<p>Na 3. susretu Matice umirovljeni\u010dkih udruga Viroviti\u010dko-podravske \u017eupanije 2013. izme\u0111u ostalih nazo\u010dili su: saborski zastupnik Josip \u0110aki\u0107, \u017eupan Tomislav Tolu\u0161i\u0107, zamjenik \u017eupana Zdravko Dijakovi\u0107, gradona\u010delnici gradova Virovitice i Slatine Ivica Kirin i Ivan Ro\u0161ta\u0161, na\u010delnici op\u0107ina s podru\u010dja Viroviti\u010dko-podravske \u017eupanije Mirko Mali\u0161 i \u017deljko Grga\u010di\u0107, pro\u010delnice upravnih odjela Viroviti\u010dko-podravske \u017eupanije, predsjednik Matice umirovljeni\u010dkih udruga Viroviti\u010dko-podravske \u017eupanije Boris Drago\u0161evi\u0107\u2026 Na susretima je uz sudjelovanje kulturno-umjetni\u010dkih dru\u0161tava odr\u017ean i prigodni kulturno umjetni\u010dki program. (vpz.hr)<\/p>\nngg_shortcode_0_placeholder\n","protected":false},"excerpt":{"rendered":"<p>Uz pokroviteljstvo i organizaciju Viroviti\u010dko-podravske \u017eupanije, na Sajamskom prostoru Viroexpo-a odr\u017eani su 3. susreti Matice umirovljeni\u010dkih udruga Viroviti\u010dko-podravske \u017eupanije. Susretima je nazo\u010dilo gotovo 3000 umirovljenika<span class=\"excerpt-hellip\"> [\u2026]<\/span><\/p>\n","protected":false},"author":1,"featured_media":3271,"comment_status":"closed","ping_status":"closed","sticky":false,"template":"","format":"standard","meta":{"ngg_post_thumbnail":0,"footnotes":""},"categories":[138],"tags":[],"class_list":["post-3269","post","type-post","status-publish","format-standard","has-post-thumbnail","hentry","category-zupanija-i-opcine"],"_links":{"self":[{"href":"https:\/\/www.slatina.hr\/portal\/wp-json\/wp\/v2\/posts\/3269","targetHints":{"allow":["GET"]}}],"collection":[{"href":"https:\/\/www.slatina.hr\/portal\/wp-json\/wp\/v2\/posts"}],"about":[{"href":"https:\/\/www.slatina.hr\/portal\/wp-json\/wp\/v2\/types\/post"}],"author":[{"embeddable":true,"href":"https:\/\/www.slatina.hr\/portal\/wp-json\/wp\/v2\/users\/1"}],"replies":[{"embeddable":true,"href":"https:\/\/www.slatina.hr\/portal\/wp-json\/wp\/v2\/comments?post=3269"}],"version-history":[{"count":0,"href":"https:\/\/www.slatina.hr\/portal\/wp-json\/wp\/v2\/posts\/3269\/revisions"}],"wp:featuredmedia":[{"embeddable":true,"href":"https:\/\/www.slatina.hr\/portal\/wp-json\/wp\/v2\/media\/3271"}],"wp:attachment":[{"href":"https:\/\/www.slatina.hr\/portal\/wp-json\/wp\/v2\/media?parent=3269"}],"wp:term":[{"taxonomy":"category","embeddable":true,"href":"https:\/\/www.slatina.hr\/portal\/wp-json\/wp\/v2\/categories?post=3269"},{"taxonomy":"post_tag","embeddable":true,"href":"https:\/\/www.slatina.hr\/portal\/wp-json\/wp\/v2\/tags?post=3269"}],"curies":[{"name":"wp","href":"https:\/\/api.w.org\/{rel}","templated":true}]}}