{"id":3097,"date":"2013-05-10T12:16:27","date_gmt":"2013-05-10T10:16:27","guid":{"rendered":"http:\/\/www.slatina.hr\/?p=3097"},"modified":"2013-05-10T12:16:27","modified_gmt":"2013-05-10T10:16:27","slug":"nagradni-fotonatjecaj-slatina-pricu-prica","status":"publish","type":"post","link":"https:\/\/www.slatina.hr\/portal\/nagradni-fotonatjecaj-slatina-pricu-prica\/","title":{"rendered":"Nagradni fotonatje\u010daj \u201cSlatina pri\u010du pri\u010da\u201d"},"content":{"rendered":"<p>U organizaciji Foto video kluba Slatina, Radio Slatine i Turisti\u010dke zajednice grada Slatine, otvoren je javni poziv za odabir najfotografije o Slatini pod nazivom \u201cSlatina pri\u010du pri\u010da\u201d.<br \/>\nPozivaju se svi zaljubljenici u fotografiju i grad Slatinu da nam svoje fotografije dimenzija 21&#215;29,6(A4 format), po\u0161alju na adrese:<br \/>\n1. TZ grada Slatine, Trg sv.Josipa 1., 33520 Slatina<br \/>\n2. Radio Slatina, Bra\u0107e Radi\u0107 bb., 33520 Slatina<br \/>\nNatjecati se mogu isklju\u010divo fotografije eksterijera grada Slatine. Potrebno je uz fotografije napisati ime autora, mjesto i datum gdje je fotografija nastala, te suglasnost autora o objavljivanju fotografije.<br \/>\nRok za prijavu radova je 22.kolovoza 2011.godine.<br \/>\nSve fotografije \u0107e biti izlo\u017eene na dan sve\u010dane sjednice povodom Dana grada Slatine 1.rujna 2011. u predvorju Pu\u010dkog otvorenog u\u010dili\u0161ta.<br \/>\nAutorima prvih tri izabranih fotografija bit \u0107e uru\u010dene nagrade na manifestaciji zatvaranja \u201cSlatinskog ljeta 2011.\u201d 28.kolovoza 2011., a TZ grada Slatine prema tim fotografijama \u0107e na\u010diniti razglednice grada. Svi ostali sudionici \u0107e dobiti Priznanja.<\/p>\n<p>Nadamo se da \u0107e ovaj Javni poziv pomo\u0107i u promociji grada Slatine, upoznati javnost s brojnim ljepotama, kulturnim i turisti\u010dkim znamenitostima koje ovaj grad pru\u017ea, te da \u0107e autori uspjeti kroz fotografije ispri\u010dati svoje pri\u010de o jednoj klupi, jednom pro\u010delju, jednom stablu, jednom zalasku sunca&#8230;.<\/p>\n","protected":false},"excerpt":{"rendered":"<p>U organizaciji Foto video kluba Slatina, Radio Slatine i Turisti\u010dke zajednice grada Slatine, otvoren je javni poziv za odabir najfotografije o Slatini pod nazivom \u201cSlatina<span class=\"excerpt-hellip\"> [\u2026]<\/span><\/p>\n","protected":false},"author":1,"featured_media":2146,"comment_status":"closed","ping_status":"closed","sticky":false,"template":"","format":"standard","meta":{"ngg_post_thumbnail":0,"footnotes":""},"categories":[172],"tags":[],"class_list":["post-3097","post","type-post","status-publish","format-standard","has-post-thumbnail","hentry","category-arhiva-kultura"],"_links":{"self":[{"href":"https:\/\/www.slatina.hr\/portal\/wp-json\/wp\/v2\/posts\/3097","targetHints":{"allow":["GET"]}}],"collection":[{"href":"https:\/\/www.slatina.hr\/portal\/wp-json\/wp\/v2\/posts"}],"about":[{"href":"https:\/\/www.slatina.hr\/portal\/wp-json\/wp\/v2\/types\/post"}],"author":[{"embeddable":true,"href":"https:\/\/www.slatina.hr\/portal\/wp-json\/wp\/v2\/users\/1"}],"replies":[{"embeddable":true,"href":"https:\/\/www.slatina.hr\/portal\/wp-json\/wp\/v2\/comments?post=3097"}],"version-history":[{"count":0,"href":"https:\/\/www.slatina.hr\/portal\/wp-json\/wp\/v2\/posts\/3097\/revisions"}],"wp:featuredmedia":[{"embeddable":true,"href":"https:\/\/www.slatina.hr\/portal\/wp-json\/wp\/v2\/media\/2146"}],"wp:attachment":[{"href":"https:\/\/www.slatina.hr\/portal\/wp-json\/wp\/v2\/media?parent=3097"}],"wp:term":[{"taxonomy":"category","embeddable":true,"href":"https:\/\/www.slatina.hr\/portal\/wp-json\/wp\/v2\/categories?post=3097"},{"taxonomy":"post_tag","embeddable":true,"href":"https:\/\/www.slatina.hr\/portal\/wp-json\/wp\/v2\/tags?post=3097"}],"curies":[{"name":"wp","href":"https:\/\/api.w.org\/{rel}","templated":true}]}}