{"id":3011,"date":"2013-05-10T10:59:22","date_gmt":"2013-05-10T08:59:22","guid":{"rendered":"http:\/\/www.slatina.hr\/?p=3011"},"modified":"2013-05-10T10:59:22","modified_gmt":"2013-05-10T08:59:22","slug":"natjecaj-ipa-meduljudske-veze-muzejska-djelatnost","status":"publish","type":"post","link":"https:\/\/www.slatina.hr\/portal\/natjecaj-ipa-meduljudske-veze-muzejska-djelatnost\/","title":{"rendered":"Natje\u010daj IPA-Me\u0111uljudske veze, muzejska djelatnost"},"content":{"rendered":"<p>U ponedjeljak, 23. kolovoza 2010. u prostorijama Gradske uprave Slatina gradona\u010delnik Grada Slatine Ivan Ro\u0161ta\u0161 odr\u017eao je sastanak s Markom Gyorvarijem, gradona\u010delnikom Grada\u00a0 Szeintlorinca u Ma\u0111arskoj. Uz gradona\u010delnika sastanku su nazo\u010dili i pro\u010delnik Ureda Gradona\u010delnika Radenko Pavi\u0107, pro\u010delnica Slu\u017ebe za gospodarstvo Vera Rada\u0161, pro\u010delnica Upravnog odjela za gospodarenje prostorom Vesna Klement, ravnateljica Zavi\u010dajnog muzeja Slatina Dragica \u0160uvak, ravnateljica VIDRE Sanja Bo\u0161njak te suradnici Marin Kokori\u0107 i Matija Perkovac. Tema sastanka bila je NATJE\u010dAJ\u00a0 IPA-PREKOGRANI\u010dNA SURADNJA, MJERA: Me\u0111uljudske veze.<\/p>\n<p>Rok za predaju prijava je 15. rujna ove godine, a u pripremi je prijava zajedni\u010dkog projekta grada Slatine i\u00a0 ma\u0111arskog grada Szentlorintza, za ure\u0111enje muzeja i muzejske gra\u0111e u oba grada. Radi uspostave suradnje odr\u017ean je sastanak u Szentlorintzu,\u00a0 dne 13. kolovoza, u sklopu njihovog Sajma poljoprivrede, a razrada projekta se nastavila ovim sastankom. Nositelj projekta sa slatinske strane bit \u0107e Zavi\u010dajni muzej Slatina, a partneri su Razvojna agencija Vidra i Grad Slatina. Vrijednost projekta iznosi 100.000,00 eura pomo\u0107i iz IPE i 15% vlastitih sredstava, \u0161to ukupno iznosi 115.000,00 eura, a od toga Slatini pripada 60%, a Szentlorintzu 40%.<\/p>\n","protected":false},"excerpt":{"rendered":"<p>U ponedjeljak, 23. kolovoza 2010. u prostorijama Gradske uprave Slatina gradona\u010delnik Grada Slatine Ivan Ro\u0161ta\u0161 odr\u017eao je sastanak s Markom Gyorvarijem, gradona\u010delnikom Grada\u00a0 Szeintlorinca u<span class=\"excerpt-hellip\"> [\u2026]<\/span><\/p>\n","protected":false},"author":1,"featured_media":3013,"comment_status":"closed","ping_status":"closed","sticky":false,"template":"","format":"standard","meta":{"ngg_post_thumbnail":0,"footnotes":""},"categories":[172],"tags":[],"class_list":["post-3011","post","type-post","status-publish","format-standard","has-post-thumbnail","hentry","category-arhiva-kultura"],"_links":{"self":[{"href":"https:\/\/www.slatina.hr\/portal\/wp-json\/wp\/v2\/posts\/3011","targetHints":{"allow":["GET"]}}],"collection":[{"href":"https:\/\/www.slatina.hr\/portal\/wp-json\/wp\/v2\/posts"}],"about":[{"href":"https:\/\/www.slatina.hr\/portal\/wp-json\/wp\/v2\/types\/post"}],"author":[{"embeddable":true,"href":"https:\/\/www.slatina.hr\/portal\/wp-json\/wp\/v2\/users\/1"}],"replies":[{"embeddable":true,"href":"https:\/\/www.slatina.hr\/portal\/wp-json\/wp\/v2\/comments?post=3011"}],"version-history":[{"count":0,"href":"https:\/\/www.slatina.hr\/portal\/wp-json\/wp\/v2\/posts\/3011\/revisions"}],"wp:featuredmedia":[{"embeddable":true,"href":"https:\/\/www.slatina.hr\/portal\/wp-json\/wp\/v2\/media\/3013"}],"wp:attachment":[{"href":"https:\/\/www.slatina.hr\/portal\/wp-json\/wp\/v2\/media?parent=3011"}],"wp:term":[{"taxonomy":"category","embeddable":true,"href":"https:\/\/www.slatina.hr\/portal\/wp-json\/wp\/v2\/categories?post=3011"},{"taxonomy":"post_tag","embeddable":true,"href":"https:\/\/www.slatina.hr\/portal\/wp-json\/wp\/v2\/tags?post=3011"}],"curies":[{"name":"wp","href":"https:\/\/api.w.org\/{rel}","templated":true}]}}