{"id":29485,"date":"2015-05-21T07:42:18","date_gmt":"2015-05-21T06:42:18","guid":{"rendered":"http:\/\/www.slatina.hr\/?p=29485"},"modified":"2015-05-21T07:42:18","modified_gmt":"2015-05-21T06:42:18","slug":"rjesenje-o-odredivanju-birackih-mjesta-3","status":"publish","type":"post","link":"https:\/\/www.slatina.hr\/portal\/rjesenje-o-odredivanju-birackih-mjesta-3\/","title":{"rendered":"Rje\u0161enje o odre\u0111ivanju bira\u010dkih mjesta"},"content":{"rendered":"<p><a href=\"http:\/\/www.slatina.hr\/wp-content\/uploads\/2015\/05\/Slatina-Bira\u010dka-mjesta.pdf\" target=\"_blank\">Slatina Bira\u010dka mjesta<\/a><\/p>\n","protected":false},"excerpt":{"rendered":"<p>Slatina Bira\u010dka mjesta<\/p>\n","protected":false},"author":1,"featured_media":21917,"comment_status":"closed","ping_status":"closed","sticky":false,"template":"","format":"standard","meta":{"ngg_post_thumbnail":0,"footnotes":""},"categories":[163],"tags":[],"class_list":["post-29485","post","type-post","status-publish","format-standard","has-post-thumbnail","hentry","category-vijece-srpske-nacionalne-manjine"],"_links":{"self":[{"href":"https:\/\/www.slatina.hr\/portal\/wp-json\/wp\/v2\/posts\/29485","targetHints":{"allow":["GET"]}}],"collection":[{"href":"https:\/\/www.slatina.hr\/portal\/wp-json\/wp\/v2\/posts"}],"about":[{"href":"https:\/\/www.slatina.hr\/portal\/wp-json\/wp\/v2\/types\/post"}],"author":[{"embeddable":true,"href":"https:\/\/www.slatina.hr\/portal\/wp-json\/wp\/v2\/users\/1"}],"replies":[{"embeddable":true,"href":"https:\/\/www.slatina.hr\/portal\/wp-json\/wp\/v2\/comments?post=29485"}],"version-history":[{"count":0,"href":"https:\/\/www.slatina.hr\/portal\/wp-json\/wp\/v2\/posts\/29485\/revisions"}],"wp:featuredmedia":[{"embeddable":true,"href":"https:\/\/www.slatina.hr\/portal\/wp-json\/wp\/v2\/media\/21917"}],"wp:attachment":[{"href":"https:\/\/www.slatina.hr\/portal\/wp-json\/wp\/v2\/media?parent=29485"}],"wp:term":[{"taxonomy":"category","embeddable":true,"href":"https:\/\/www.slatina.hr\/portal\/wp-json\/wp\/v2\/categories?post=29485"},{"taxonomy":"post_tag","embeddable":true,"href":"https:\/\/www.slatina.hr\/portal\/wp-json\/wp\/v2\/tags?post=29485"}],"curies":[{"name":"wp","href":"https:\/\/api.w.org\/{rel}","templated":true}]}}